{"id":19637,"date":"2016-09-03T07:39:07","date_gmt":"2016-09-03T05:39:07","guid":{"rendered":"https:\/\/www.forum-soegel.de\/information\/?p=19637"},"modified":"2016-09-03T07:39:07","modified_gmt":"2016-09-03T05:39:07","slug":"malermeister-florian-wahmes-eroffnet-ausstellung-in-klein-bersen","status":"publish","type":"post","link":"https:\/\/www.forum-soegel.de\/information\/2016\/09\/malermeister-florian-wahmes-eroffnet-ausstellung-in-klein-bersen\/","title":{"rendered":"Malermeister Florian Wahmes er\u00f6ffnet Ausstellung in Klein Ber\u00dfen"},"content":{"rendered":"<p>Klein Ber\u00dfen &#8211; Malermeister Florian Wahmes er\u00f6ffnete am 31. Juli im Birkenweg 2 in Klein Ber\u00dfen eine neue Ausstellung. Der Handel- und Gewerbeverein Ber\u00dfen sowie die politische Gemeinde Klein Ber\u00dfen gratulierten zur Ausstellungser\u00f6ffnung. In der neu geschaffenen Ausstellung werden Einrichtungs- und Gestaltungstipps gegeben. Ferner befinden sich weit mehr als einhundert Tapetenkollektionen, etliche Fu\u00dfbodenkollektionen, sechzig Musterrollen Tapeten und f\u00fcnfundvierzig Designbelagsmusterplatten in der Ausstellung. Die Kunden haben die M\u00f6glichkeit sowohl Musterabschnitte der ausgestellten Tapeten, als aus Designbelagsmusterplaten zur Auswahl und Inspiration mitzunehmen. Florian Wahmes legt gro\u00dfen Wert auf gute Zusammenarbeit seines Teams und ist froh ein kompetentes Team gefunden zu haben. Das Klein Ber\u00dfener Unternehmen bildet auch aus, leider konnte f\u00fcr das nun beginnende Ausbildungsjahr kein(e) Auszubildende(r) gefunden werden.<\/p>\n<p>Die Ausstellung ist regelm\u00e4\u00dfig mittwochs in der Zeit von 15.00 bis 20.00 Uhr ge\u00f6ffnet. Au\u00dferdem besteht die M\u00f6glichkeit Farben und Malerbedarfsmittel zu erwerben.<\/p>\n<p>Text\/Foto: Gem.Klein Ber\u00dfen\/Martin Reinholz MT<\/p>\n<div id=\"attachment_19638\" style=\"width: 310px\" class=\"wp-caption alignnone\"><a href=\"https:\/\/www.forum-soegel.de\/information\/wp-content\/uploads\/2016\/09\/Malermeister-Florian-Wahmes-er\u00f6ffnet-Ausstellung-in-Klein-Ber\u00dfen.jpg\"><img loading=\"lazy\" decoding=\"async\" aria-describedby=\"caption-attachment-19638\" class=\"size-medium wp-image-19638\" title=\"Malermeister Florian Wahmes er\u00f6ffnet Ausstellung in Klein Ber\u00dfen\" src=\"https:\/\/www.forum-soegel.de\/information\/wp-content\/uploads\/2016\/09\/Malermeister-Florian-Wahmes-er\u00f6ffnet-Ausstellung-in-Klein-Ber\u00dfen-300x200.jpg\" alt=\"\" width=\"300\" height=\"200\" srcset=\"https:\/\/www.forum-soegel.de\/information\/wp-content\/uploads\/2016\/09\/Malermeister-Florian-Wahmes-er\u00f6ffnet-Ausstellung-in-Klein-Ber\u00dfen-300x200.jpg 300w, https:\/\/www.forum-soegel.de\/information\/wp-content\/uploads\/2016\/09\/Malermeister-Florian-Wahmes-er\u00f6ffnet-Ausstellung-in-Klein-Ber\u00dfen.jpg 1024w\" sizes=\"auto, (max-width: 300px) 100vw, 300px\" \/><\/a><p id=\"caption-attachment-19638\" class=\"wp-caption-text\">v.l.n.r: Renate Westendorf, Irmgard Sch\u00fctte, Tatjana Portten, Bgm. Theo Kr\u00f6ger, Florian Wahmes, Ludger Becker<\/p><\/div>\n","protected":false},"excerpt":{"rendered":"Klein Ber\u00dfen &#8211; Malermeister Florian Wahmes er\u00f6ffnete am 31. Juli im Birkenweg 2 in Klein Ber\u00dfen eine neue Ausstellung. Der Handel- und Gewerbeverein Ber\u00dfen sowie die politische Gemeinde Klein Ber\u00dfen gratulierten zur Ausstellungser\u00f6ffnung. In der neu geschaffenen Ausstellung werden Einrichtungs- und Gestaltungstipps gegeben. Ferner befinden sich weit mehr als einhundert Tapetenkollektionen, etliche Fu\u00dfbodenkollektionen, sechzig Musterrollen [&hellip;]\n","protected":false},"author":2,"featured_media":0,"comment_status":"closed","ping_status":"closed","sticky":false,"template":"","format":"standard","meta":{"ngg_post_thumbnail":0,"footnotes":""},"categories":[4],"tags":[],"class_list":["post-19637","post","type-post","status-publish","format-standard","hentry","category-aus-der-geschaftswelt"],"_links":{"self":[{"href":"https:\/\/www.forum-soegel.de\/information\/wp-json\/wp\/v2\/posts\/19637","targetHints":{"allow":["GET"]}}],"collection":[{"href":"https:\/\/www.forum-soegel.de\/information\/wp-json\/wp\/v2\/posts"}],"about":[{"href":"https:\/\/www.forum-soegel.de\/information\/wp-json\/wp\/v2\/types\/post"}],"author":[{"embeddable":true,"href":"https:\/\/www.forum-soegel.de\/information\/wp-json\/wp\/v2\/users\/2"}],"replies":[{"embeddable":true,"href":"https:\/\/www.forum-soegel.de\/information\/wp-json\/wp\/v2\/comments?post=19637"}],"version-history":[{"count":1,"href":"https:\/\/www.forum-soegel.de\/information\/wp-json\/wp\/v2\/posts\/19637\/revisions"}],"predecessor-version":[{"id":19639,"href":"https:\/\/www.forum-soegel.de\/information\/wp-json\/wp\/v2\/posts\/19637\/revisions\/19639"}],"wp:attachment":[{"href":"https:\/\/www.forum-soegel.de\/information\/wp-json\/wp\/v2\/media?parent=19637"}],"wp:term":[{"taxonomy":"category","embeddable":true,"href":"https:\/\/www.forum-soegel.de\/information\/wp-json\/wp\/v2\/categories?post=19637"},{"taxonomy":"post_tag","embeddable":true,"href":"https:\/\/www.forum-soegel.de\/information\/wp-json\/wp\/v2\/tags?post=19637"}],"curies":[{"name":"wp","href":"https:\/\/api.w.org\/{rel}","templated":true}]}}