{"id":19632,"date":"2016-09-03T07:37:18","date_gmt":"2016-09-03T05:37:18","guid":{"rendered":"https:\/\/www.forum-soegel.de\/information\/?p=19632"},"modified":"2016-09-03T07:37:18","modified_gmt":"2016-09-03T05:37:18","slug":"team-des-familienzentrums-besucht-kooperationspartner","status":"publish","type":"post","link":"https:\/\/www.forum-soegel.de\/information\/2016\/09\/team-des-familienzentrums-besucht-kooperationspartner\/","title":{"rendered":"Team des Familienzentrums besucht Kooperationspartner"},"content":{"rendered":"<p align=\"left\">S\u00f6gel &#8211; Das Forum S\u00f6gel und das Europa Kolpingb\u00fcro sind f\u00fcr das Team des Familienzentrums sehr wichtige Partner und Unterst\u00fctzer in der p\u00e4dagogischen Arbeit. Seit vielen Jahren besuchen die Kinder das Forum als alternativen Lernstandort. Beim Besuch im Forum wurde das Team von Bernd Schulte, Bernd Eggert und Gerlinde Lammers durch die Ausstellungen gef\u00fchrt .Zu wissen, wo die Wurzeln liegen und die eigene Geschichte kennen zu lernen, hilft Verst\u00e4ndnis f\u00fcr andere Kulturen zu entwickeln.<\/p>\n<p align=\"left\">Das Europa Kolpingb\u00fcro ist mit Magdalena Torda-Kazamerne und Hans Hermann Hunfeld ein verl\u00e4sslicher Partner f\u00fcr das Familienzentrum. Unterst\u00fctzung findet das Team bei der Kommunikation mit rum\u00e4nischen, polnischen und ungarischen Familien.Herr Hunfeld berichtete dem Team des Familienzentrums beim Besuch \u00fcber die gesamte Arbeitsorganisation des Europa Kolpingb\u00fcros.<\/p>\n<p align=\"left\">Text\/Foto: Karina Jansen<\/p>\n<p align=\"left\"><a href=\"https:\/\/www.forum-soegel.de\/information\/wp-content\/uploads\/2016\/09\/Team-des-Familienzentrums-besucht-Kooperationspartner2.jpg\"><img loading=\"lazy\" decoding=\"async\" class=\"alignnone size-medium wp-image-19635\" title=\"Team des Familienzentrums besucht Kooperationspartner\" src=\"https:\/\/www.forum-soegel.de\/information\/wp-content\/uploads\/2016\/09\/Team-des-Familienzentrums-besucht-Kooperationspartner2-300x225.jpg\" alt=\"\" width=\"300\" height=\"225\" srcset=\"https:\/\/www.forum-soegel.de\/information\/wp-content\/uploads\/2016\/09\/Team-des-Familienzentrums-besucht-Kooperationspartner2-300x225.jpg 300w, https:\/\/www.forum-soegel.de\/information\/wp-content\/uploads\/2016\/09\/Team-des-Familienzentrums-besucht-Kooperationspartner2.jpg 1024w\" sizes=\"auto, (max-width: 300px) 100vw, 300px\" \/><\/a><\/p>\n","protected":false},"excerpt":{"rendered":"S\u00f6gel &#8211; Das Forum S\u00f6gel und das Europa Kolpingb\u00fcro sind f\u00fcr das Team des Familienzentrums sehr wichtige Partner und Unterst\u00fctzer in der p\u00e4dagogischen Arbeit. Seit vielen Jahren besuchen die Kinder das Forum als alternativen Lernstandort. Beim Besuch im Forum wurde das Team von Bernd Schulte, Bernd Eggert und Gerlinde Lammers durch die Ausstellungen gef\u00fchrt .Zu [&hellip;]\n","protected":false},"author":2,"featured_media":0,"comment_status":"closed","ping_status":"closed","sticky":false,"template":"","format":"standard","meta":{"ngg_post_thumbnail":0,"footnotes":""},"categories":[868],"tags":[],"class_list":["post-19632","post","type-post","status-publish","format-standard","hentry","category-zwischen-himmel-und-erde"],"_links":{"self":[{"href":"https:\/\/www.forum-soegel.de\/information\/wp-json\/wp\/v2\/posts\/19632","targetHints":{"allow":["GET"]}}],"collection":[{"href":"https:\/\/www.forum-soegel.de\/information\/wp-json\/wp\/v2\/posts"}],"about":[{"href":"https:\/\/www.forum-soegel.de\/information\/wp-json\/wp\/v2\/types\/post"}],"author":[{"embeddable":true,"href":"https:\/\/www.forum-soegel.de\/information\/wp-json\/wp\/v2\/users\/2"}],"replies":[{"embeddable":true,"href":"https:\/\/www.forum-soegel.de\/information\/wp-json\/wp\/v2\/comments?post=19632"}],"version-history":[{"count":1,"href":"https:\/\/www.forum-soegel.de\/information\/wp-json\/wp\/v2\/posts\/19632\/revisions"}],"predecessor-version":[{"id":19636,"href":"https:\/\/www.forum-soegel.de\/information\/wp-json\/wp\/v2\/posts\/19632\/revisions\/19636"}],"wp:attachment":[{"href":"https:\/\/www.forum-soegel.de\/information\/wp-json\/wp\/v2\/media?parent=19632"}],"wp:term":[{"taxonomy":"category","embeddable":true,"href":"https:\/\/www.forum-soegel.de\/information\/wp-json\/wp\/v2\/categories?post=19632"},{"taxonomy":"post_tag","embeddable":true,"href":"https:\/\/www.forum-soegel.de\/information\/wp-json\/wp\/v2\/tags?post=19632"}],"curies":[{"name":"wp","href":"https:\/\/api.w.org\/{rel}","templated":true}]}}