{"id":19627,"date":"2016-09-03T07:31:15","date_gmt":"2016-09-03T05:31:15","guid":{"rendered":"https:\/\/www.forum-soegel.de\/information\/?p=19627"},"modified":"2016-09-03T07:31:47","modified_gmt":"2016-09-03T05:31:47","slug":"neuer-kommunionkurs-2016-%e2%80%93-2017-in-der-hummlinger-pfarreiengemeinschaft-um-st-jakobus-sogel","status":"publish","type":"post","link":"https:\/\/www.forum-soegel.de\/information\/2016\/09\/neuer-kommunionkurs-2016-%e2%80%93-2017-in-der-hummlinger-pfarreiengemeinschaft-um-st-jakobus-sogel\/","title":{"rendered":"Neuer Kommunionkurs 2016 \u2013 2017 in der H\u00fcmmlinger Pfarreiengemeinschaft um St. Jakobus, S\u00f6gel"},"content":{"rendered":"<p><a href=\"https:\/\/www.forum-soegel.de\/information\/wp-content\/uploads\/2016\/09\/Neuer-Kommunionkurs-2016-20171.bmp\"><img loading=\"lazy\" decoding=\"async\" class=\"alignleft size-full wp-image-19629\" title=\"Neuer Kommunionkurs 2016-2017\" src=\"https:\/\/www.forum-soegel.de\/information\/wp-content\/uploads\/2016\/09\/Neuer-Kommunionkurs-2016-20171.bmp\" alt=\"\" width=\"234\" height=\"277\" \/><\/a>Im 3. Schuljahr beginnt der neue Kommunionkurs in den Gemeinden. Am Beginn des Schuljahres werden alle infrage kommenden Kinder der H\u00fcmmlinger Pfarreiengemeinschaft um St. Jakobus, S\u00f6gel eine pers\u00f6nliche Einladung zu einem 1. Elternabend bekommen. Hier sollen die Eltern sich informieren lassen \u00fcber das Konzept der Vorbereitung. Der Empfang der Sakramente ist f\u00fcr die Kinder auf ihrem Glaubensweg ein neuer wichtiger Schritt. Daher sollten die Eltern in Ruhe \u00fcberlegen, wie Sie Ihrem Kind dabei helfen k\u00f6nnten.<\/p>\n<p>Kommunion, das bedeutet f\u00fcr uns gl\u00e4ubige Christen: Gemeinschaft haben mit dem Herrn Jesus Christus, der sich im Brot des Lebens jedem schenken will; aber auch Gemeinschaft erfahren mit den Christen, die sich regelm\u00e4\u00dfig \u201cam ersten Tag der Woche\u201c zum Gottesdienst treffen, um das Wort Gottes zu h\u00f6ren und an der Eucharistie teilzunehmen.<\/p>\n<p>Die Hinf\u00fchrung der Kinder zu dieser Gemeinschaft ist ein Weg, ein Glaubensweg. Die Familien sind eingeladen, diesen Weg der Vorbereitung gemeinsam mit der Gemeinde zu gehen. Ein ganz wichtiges Element, das die Familien \u00fcbernehmen sollten, ist der regelm\u00e4\u00dfige Besuch der Sonntagsgottesdienste der Gemeinde zur bewussten Ein\u00fcbung des Ablaufs der Hl. Messe. Unterst\u00fctzt werden die Familien dabei von den Gruppenstunden der Gemeinde.<\/p>\n<p>Gemeindereferentin Petra Macke ist f\u00fcr die Kommunionvorbereitung in der Gemeinde S\u00f6gel zust\u00e4ndig. Gemeindeassistentin Manuela Sauder bereitet die Kinder der Gemeinden Werpeloh und Spahnharrenst\u00e4tte vor. Pastoralreferent Thomas Kramer wird die Kommunionvorbereitung in den Gemeinden Ber\u00dfen, Stavern und H\u00fcven-Eisten begleiten.<\/p>\n<p>In den Gemeinden hat es sich bew\u00e4hrt, dass Katecheten aus dem Kreis der Eltern sich\u00a0 zusammen mit den Kindern in kleinen Gruppen auf die Sakramente der Bu\u00dfe und der Eucharistie vorbereiten.<\/p>\n<p>Wer sich von den Eltern vorstellen kann, eine Gruppe als Katechetin oder Katechet zu begleiten, bespreche sich mit einer Partnerin oder mehreren Partnerinnen bis zum\u00a0 jeweiligen Elternabend ihrer Gemeinde, damit es an diesem Abend zu einer gemeinsamen Gestaltung des Kommunionkurses kommen kann. Hilfreich ist es, wenn die zuk\u00fcnftigen Katecheten schon \u00fcberlegen, wann sie Zeit f\u00fcr die Gruppenstunde h\u00e4tten. Es ist fast immer die Regel, dass zwei Katechetinnen eine Gruppe begleiten. Die zuk\u00fcnftigen Katechetinnen treffen sich zeitnah wegen der Inhalte und der Gruppeneinteilung. Nat\u00fcrlich w\u00fcrden wir es als Hauptamtliche begr\u00fc\u00dfen, wenn sich V\u00e4ter als Katechet zur Verf\u00fcgung stellen w\u00fcrden. Glaubensweitergabe ist Aufgabe aller Getauften. Der Kommunionkurs der Kinder beginnt nach den Herbstferien.<\/p>\n<p>Die Elternabende sind an folgenden Terminen:<\/p>\n<p>S\u00f6gel:\u00a0 Montag, 19. September 2016 um 20.00 Uhr im Gemeindezentrum St. Jakobus, Am Markt. Dieser Abend wird von Petra Macke geleitet. An diesem Abend melden die Eltern ihr Kind verbindlich zu diesem Kurs an!<\/p>\n<p>Spahnharrenst\u00e4tte: Montag, 12. September 2016 um 20.00 Uhr im Pfarrhaus<\/p>\n<p>Werpeloh: Mittwoch, 14. September 2016 um 20.00 Uhr im Pfarrhaus<\/p>\n<p>Manuela Sauder l\u00e4dt zu diesen Abenden ein.<\/p>\n<p>Ber\u00dfen, H\u00fcven-Eisten und Stavern: Thomas Kramer gibt den Termin sp\u00e4ter bekannt.<\/p>\n<p>&nbsp;<\/p>\n<p>Besteht das Interesse am Kommunionkurs, ihr Kind ist aber nicht getauft, sprechen Sie uns an.<\/p>\n<p>Sollten Sie keine pers\u00f6nliche Einladung zu diesen Terminen erhalten haben, melden sie sich bitte vor den Terminen bei den entsprechenden Ansprechpartnern der Gemeinden: Petra Macke, Tel.: 05952-9909131 oder Manuela Sauder, Tel.: 05951-995149 oder Thomas Kramer, Tel.: 05965- 9385620 zu erreichen.<\/p>\n<p>Text\/Foto: Petra Macke, Gemeindereferentin<\/p>\n<p>&nbsp;<\/p>\n<p>&nbsp;<\/p>\n","protected":false},"excerpt":{"rendered":"Im 3. Schuljahr beginnt der neue Kommunionkurs in den Gemeinden. Am Beginn des Schuljahres werden alle infrage kommenden Kinder der H\u00fcmmlinger Pfarreiengemeinschaft um St. Jakobus, S\u00f6gel eine pers\u00f6nliche Einladung zu einem 1. Elternabend bekommen. Hier sollen die Eltern sich informieren lassen \u00fcber das Konzept der Vorbereitung. Der Empfang der Sakramente ist f\u00fcr die Kinder auf [&hellip;]\n","protected":false},"author":2,"featured_media":0,"comment_status":"closed","ping_status":"closed","sticky":false,"template":"","format":"standard","meta":{"ngg_post_thumbnail":0,"footnotes":""},"categories":[868],"tags":[],"class_list":["post-19627","post","type-post","status-publish","format-standard","hentry","category-zwischen-himmel-und-erde"],"_links":{"self":[{"href":"https:\/\/www.forum-soegel.de\/information\/wp-json\/wp\/v2\/posts\/19627","targetHints":{"allow":["GET"]}}],"collection":[{"href":"https:\/\/www.forum-soegel.de\/information\/wp-json\/wp\/v2\/posts"}],"about":[{"href":"https:\/\/www.forum-soegel.de\/information\/wp-json\/wp\/v2\/types\/post"}],"author":[{"embeddable":true,"href":"https:\/\/www.forum-soegel.de\/information\/wp-json\/wp\/v2\/users\/2"}],"replies":[{"embeddable":true,"href":"https:\/\/www.forum-soegel.de\/information\/wp-json\/wp\/v2\/comments?post=19627"}],"version-history":[{"count":2,"href":"https:\/\/www.forum-soegel.de\/information\/wp-json\/wp\/v2\/posts\/19627\/revisions"}],"predecessor-version":[{"id":19631,"href":"https:\/\/www.forum-soegel.de\/information\/wp-json\/wp\/v2\/posts\/19627\/revisions\/19631"}],"wp:attachment":[{"href":"https:\/\/www.forum-soegel.de\/information\/wp-json\/wp\/v2\/media?parent=19627"}],"wp:term":[{"taxonomy":"category","embeddable":true,"href":"https:\/\/www.forum-soegel.de\/information\/wp-json\/wp\/v2\/categories?post=19627"},{"taxonomy":"post_tag","embeddable":true,"href":"https:\/\/www.forum-soegel.de\/information\/wp-json\/wp\/v2\/tags?post=19627"}],"curies":[{"name":"wp","href":"https:\/\/api.w.org\/{rel}","templated":true}]}}