{"id":19624,"date":"2016-09-03T07:27:59","date_gmt":"2016-09-03T05:27:59","guid":{"rendered":"https:\/\/www.forum-soegel.de\/information\/?p=19624"},"modified":"2016-09-03T07:27:59","modified_gmt":"2016-09-03T05:27:59","slug":"leiterin-der-kindertagesstatte-speelhus-feiert-dienstjubilaum","status":"publish","type":"post","link":"https:\/\/www.forum-soegel.de\/information\/2016\/09\/leiterin-der-kindertagesstatte-speelhus-feiert-dienstjubilaum\/","title":{"rendered":"Leiterin der Kindertagesst\u00e4tte Speelhus feiert Dienstjubil\u00e4um"},"content":{"rendered":"<p>B\u00f6rger &#8211; Ihr 25-j\u00e4hriges Dienstjubil\u00e4um durfte die Leiterin der Kindertagesst\u00e4tte Speelhus in B\u00f6rger, Margret Pohlgeers, mit Ablauf des Monats Juli feiern. Damit ist sie seit der Gr\u00fcndung des kommunalen Kindergartens in B\u00f6rger vor 25 Jahren dort t\u00e4tig und hat die Entwicklung der modernen, p\u00e4dagogischen Einrichtung ma\u00dfgeblich mit beeinflusst. Die Mitarbeiterinnen der Kindertagesst\u00e4tte und die Vertreter der Gemeinde B\u00f6rger bedankten sich bei Frau Pohlgeers f\u00fcr ihre zuverl\u00e4ssige und engagierte Arbeit zum Wohle der Kinder und w\u00fcnschten ihr f\u00fcr die n\u00e4chsten Jahre weiterhin nur das Beste.<\/p>\n<p>Text\/Foto: Ansgar Kossen<\/p>\n<div id=\"attachment_19625\" style=\"width: 310px\" class=\"wp-caption alignnone\"><a href=\"https:\/\/www.forum-soegel.de\/information\/wp-content\/uploads\/2016\/09\/Leiterin-der-Kindertagesst\u00e4tte-Speelhus-feiert-Dienstjubil\u00e4um.jpg\"><img loading=\"lazy\" decoding=\"async\" aria-describedby=\"caption-attachment-19625\" class=\"size-medium wp-image-19625\" title=\"Leiterin der Kindertagesst\u00e4tte Speelhus feiert Dienstjubil\u00e4um\" src=\"https:\/\/www.forum-soegel.de\/information\/wp-content\/uploads\/2016\/09\/Leiterin-der-Kindertagesst\u00e4tte-Speelhus-feiert-Dienstjubil\u00e4um-300x162.jpg\" alt=\"\" width=\"300\" height=\"162\" srcset=\"https:\/\/www.forum-soegel.de\/information\/wp-content\/uploads\/2016\/09\/Leiterin-der-Kindertagesst\u00e4tte-Speelhus-feiert-Dienstjubil\u00e4um-300x162.jpg 300w, https:\/\/www.forum-soegel.de\/information\/wp-content\/uploads\/2016\/09\/Leiterin-der-Kindertagesst\u00e4tte-Speelhus-feiert-Dienstjubil\u00e4um.jpg 1024w\" sizes=\"auto, (max-width: 300px) 100vw, 300px\" \/><\/a><p id=\"caption-attachment-19625\" class=\"wp-caption-text\">Die Gl\u00fcckw\u00fcnsche zum Dienstjubil\u00e4um nahm Margret Pohlgeers (10. v. l.) im Rahmen einer kleinen Feierstunde entgegen.<\/p><\/div>\n","protected":false},"excerpt":{"rendered":"B\u00f6rger &#8211; Ihr 25-j\u00e4hriges Dienstjubil\u00e4um durfte die Leiterin der Kindertagesst\u00e4tte Speelhus in B\u00f6rger, Margret Pohlgeers, mit Ablauf des Monats Juli feiern. Damit ist sie seit der Gr\u00fcndung des kommunalen Kindergartens in B\u00f6rger vor 25 Jahren dort t\u00e4tig und hat die Entwicklung der modernen, p\u00e4dagogischen Einrichtung ma\u00dfgeblich mit beeinflusst. Die Mitarbeiterinnen der Kindertagesst\u00e4tte und die Vertreter [&hellip;]\n","protected":false},"author":2,"featured_media":0,"comment_status":"closed","ping_status":"closed","sticky":false,"template":"","format":"standard","meta":{"ngg_post_thumbnail":0,"footnotes":""},"categories":[868],"tags":[],"class_list":["post-19624","post","type-post","status-publish","format-standard","hentry","category-zwischen-himmel-und-erde"],"_links":{"self":[{"href":"https:\/\/www.forum-soegel.de\/information\/wp-json\/wp\/v2\/posts\/19624","targetHints":{"allow":["GET"]}}],"collection":[{"href":"https:\/\/www.forum-soegel.de\/information\/wp-json\/wp\/v2\/posts"}],"about":[{"href":"https:\/\/www.forum-soegel.de\/information\/wp-json\/wp\/v2\/types\/post"}],"author":[{"embeddable":true,"href":"https:\/\/www.forum-soegel.de\/information\/wp-json\/wp\/v2\/users\/2"}],"replies":[{"embeddable":true,"href":"https:\/\/www.forum-soegel.de\/information\/wp-json\/wp\/v2\/comments?post=19624"}],"version-history":[{"count":1,"href":"https:\/\/www.forum-soegel.de\/information\/wp-json\/wp\/v2\/posts\/19624\/revisions"}],"predecessor-version":[{"id":19626,"href":"https:\/\/www.forum-soegel.de\/information\/wp-json\/wp\/v2\/posts\/19624\/revisions\/19626"}],"wp:attachment":[{"href":"https:\/\/www.forum-soegel.de\/information\/wp-json\/wp\/v2\/media?parent=19624"}],"wp:term":[{"taxonomy":"category","embeddable":true,"href":"https:\/\/www.forum-soegel.de\/information\/wp-json\/wp\/v2\/categories?post=19624"},{"taxonomy":"post_tag","embeddable":true,"href":"https:\/\/www.forum-soegel.de\/information\/wp-json\/wp\/v2\/tags?post=19624"}],"curies":[{"name":"wp","href":"https:\/\/api.w.org\/{rel}","templated":true}]}}