{"id":19621,"date":"2016-09-03T07:26:37","date_gmt":"2016-09-03T05:26:37","guid":{"rendered":"https:\/\/www.forum-soegel.de\/information\/?p=19621"},"modified":"2016-09-03T07:26:37","modified_gmt":"2016-09-03T05:26:37","slug":"kinderbusse-fur-die-kindertagesstatte-speelhus","status":"publish","type":"post","link":"https:\/\/www.forum-soegel.de\/information\/2016\/09\/kinderbusse-fur-die-kindertagesstatte-speelhus\/","title":{"rendered":"Kinderbusse f\u00fcr die Kindertagesst\u00e4tte &#8222;Speelhus&#8220;"},"content":{"rendered":"<p align=\"left\">B\u00f6rger &#8211; Die enge Zusammenarbeit zwischen Elternvertretern und Mitarbeitern einer Kindertagest\u00e4tte besitzt eine gro\u00dfe Bedeutung und gemeinsam kann man einiges bewegen. So wurde unter anderem von Elternvertretern in einer Elternversammlung angeregt, \u00fcber die Anschaffung von Kinderbussen nachzudenken. Seit April freuen sich nun die Erzieherinnen und vor allem die Krippenkinder der Kindertagesst\u00e4tte \u201eSpeelhus\u201c in B\u00f6rger \u00fcber zwei Kinderbusse, in denen jeweils bis zu sechs Kinder fahren k\u00f6nnen.<\/p>\n<p align=\"left\">W\u00e4hrend ein Bus von der Gemeinde B\u00f6rger als Tr\u00e4ger finanziert wurde, konnte der Verein f\u00fcr Kinder- und Jugendarbeit B\u00f6rger e.V. (www.juki-boerger.de) zwei Sponsoren, MB Haustechnik GmbH &amp; Co. KG sowie M\u00fcller Rieken GmbH, gewinnen, die sich sofort bereit erkl\u00e4rten, die Anschaffung eines zweiten Busses zu finanzieren. Vielen Dank f\u00fcr die Unterst\u00fctzung!!!<\/p>\n<p align=\"left\">Mit Hilfe der Busse k\u00f6nnen die Kinder nun auch l\u00e4ngere Stecken und Ausfl\u00fcge &#8211; sogar \u00fcber Schotterstra\u00dfen und Waldwege &#8211; bestreiten. Die \u201eM\u00e4use-Kinder\u201c k\u00f6nnen selbstst\u00e4ndig in ihre Busse einsteigen und sodann auf gro\u00dfe Fahrt gehen. Superm\u00e4rkte und Fahrst\u00fchle stellen keine Hindernisse dar. Den Kindern gef\u00e4llt die gemeinsame Reise in den Bussen sehr gut. Es ist immer eine spannende Aktion.<\/p>\n<p align=\"left\">Text\/Foto: Klaus Meyners &#8211; JuKi B\u00f6rger<\/p>\n<p align=\"left\"><a href=\"https:\/\/www.forum-soegel.de\/information\/wp-content\/uploads\/2016\/09\/Kinderbusse-f\u00fcr-die-Kindertagesst\u00e4tte-Speelhus.jpg\"><img loading=\"lazy\" decoding=\"async\" class=\"alignnone size-medium wp-image-19622\" title=\"Kinderbusse f\u00fcr die Kindertagesst\u00e4tte Speelhus\" src=\"https:\/\/www.forum-soegel.de\/information\/wp-content\/uploads\/2016\/09\/Kinderbusse-f\u00fcr-die-Kindertagesst\u00e4tte-Speelhus-300x225.jpg\" alt=\"\" width=\"300\" height=\"225\" srcset=\"https:\/\/www.forum-soegel.de\/information\/wp-content\/uploads\/2016\/09\/Kinderbusse-f\u00fcr-die-Kindertagesst\u00e4tte-Speelhus-300x225.jpg 300w, https:\/\/www.forum-soegel.de\/information\/wp-content\/uploads\/2016\/09\/Kinderbusse-f\u00fcr-die-Kindertagesst\u00e4tte-Speelhus.jpg 1024w\" sizes=\"auto, (max-width: 300px) 100vw, 300px\" \/><\/a><\/p>\n","protected":false},"excerpt":{"rendered":"B\u00f6rger &#8211; Die enge Zusammenarbeit zwischen Elternvertretern und Mitarbeitern einer Kindertagest\u00e4tte besitzt eine gro\u00dfe Bedeutung und gemeinsam kann man einiges bewegen. So wurde unter anderem von Elternvertretern in einer Elternversammlung angeregt, \u00fcber die Anschaffung von Kinderbussen nachzudenken. Seit April freuen sich nun die Erzieherinnen und vor allem die Krippenkinder der Kindertagesst\u00e4tte \u201eSpeelhus\u201c in B\u00f6rger \u00fcber [&hellip;]\n","protected":false},"author":2,"featured_media":0,"comment_status":"closed","ping_status":"closed","sticky":false,"template":"","format":"standard","meta":{"ngg_post_thumbnail":0,"footnotes":""},"categories":[868],"tags":[],"class_list":["post-19621","post","type-post","status-publish","format-standard","hentry","category-zwischen-himmel-und-erde"],"_links":{"self":[{"href":"https:\/\/www.forum-soegel.de\/information\/wp-json\/wp\/v2\/posts\/19621","targetHints":{"allow":["GET"]}}],"collection":[{"href":"https:\/\/www.forum-soegel.de\/information\/wp-json\/wp\/v2\/posts"}],"about":[{"href":"https:\/\/www.forum-soegel.de\/information\/wp-json\/wp\/v2\/types\/post"}],"author":[{"embeddable":true,"href":"https:\/\/www.forum-soegel.de\/information\/wp-json\/wp\/v2\/users\/2"}],"replies":[{"embeddable":true,"href":"https:\/\/www.forum-soegel.de\/information\/wp-json\/wp\/v2\/comments?post=19621"}],"version-history":[{"count":1,"href":"https:\/\/www.forum-soegel.de\/information\/wp-json\/wp\/v2\/posts\/19621\/revisions"}],"predecessor-version":[{"id":19623,"href":"https:\/\/www.forum-soegel.de\/information\/wp-json\/wp\/v2\/posts\/19621\/revisions\/19623"}],"wp:attachment":[{"href":"https:\/\/www.forum-soegel.de\/information\/wp-json\/wp\/v2\/media?parent=19621"}],"wp:term":[{"taxonomy":"category","embeddable":true,"href":"https:\/\/www.forum-soegel.de\/information\/wp-json\/wp\/v2\/categories?post=19621"},{"taxonomy":"post_tag","embeddable":true,"href":"https:\/\/www.forum-soegel.de\/information\/wp-json\/wp\/v2\/tags?post=19621"}],"curies":[{"name":"wp","href":"https:\/\/api.w.org\/{rel}","templated":true}]}}