{"id":19618,"date":"2016-09-03T07:25:31","date_gmt":"2016-09-03T05:25:31","guid":{"rendered":"https:\/\/www.forum-soegel.de\/information\/?p=19618"},"modified":"2016-09-03T07:25:31","modified_gmt":"2016-09-03T05:25:31","slug":"kfd-frauen-auf-groser-besichtigungstour-durch-westgrosefehn","status":"publish","type":"post","link":"https:\/\/www.forum-soegel.de\/information\/2016\/09\/kfd-frauen-auf-groser-besichtigungstour-durch-westgrosefehn\/","title":{"rendered":"kfd-Frauen auf gro\u00dfer Besichtigungstour durch Westgro\u00dfefehn"},"content":{"rendered":"<p align=\"left\">S\u00f6gel &#8211; 32 kfd- Frauen hatten sich bei Marie-Luise Br\u00fcmmer f\u00fcr die Tagesfahrt nach Westgro\u00dfefehn angemeldet. Bevor sie in Westgro\u00dfefehn von Kapit\u00e4n \u201eManni\u201c und seine Mannschaft zur Erlebnisfahrt durch das Naturschutzgebiet \u201eFehntjer Tief\u201c mit der MS Marion begr\u00fc\u00dft wurden, hatten die Frauen schon ausgiebig im Bus gefr\u00fchst\u00fcckt.\u00a0 \u201eVom Schiff aus konnten wir den Reiz der gesch\u00fctzten Wiesen- und Weidelandschaften mit seinem Artenreichtum hautnah erleben. Vom Kapit\u00e4n erfuhren wir unter anderem, dass die vom Schiff einsehbaren Fl\u00e4chen von einer Herde Europ\u00e4ischer Wasserb\u00fcffel ganzj\u00e4hrig beweidet werden, die sich in den feuchten Wiesen als Landschaftspfleger bew\u00e4hren\u201c, berichtete Gertrud Janssen. Nach einer Hafenrundfahrt durch das Timmeler Meer ging es durch die wundersch\u00f6ne Moorlandschaft zur\u00fcck zum Ausgangspunkt. Zum Mittagessen fuhr die Frauentruppe zum Bayrischen Hof nach Ihlow. Danach gab es noch eine Besichtigung in Gro\u00dfefehn und zwar das \u201eOll Reef Hus\u201c, wo sich eine historische Privatsammlung von Ger\u00e4ten, Gebrauchsgegenst\u00e4nden und Maschinen unserer Vorfahren aus K\u00fcche, Haushalt und Landwirtschaft befindet. Marie-Luise Br\u00fcmmer hatte aber noch eine Besichtigung mehr auf ihren Plan, das Fehnmuseum Eiland, das eine Ausstellung \u00fcber die Siedlungsgeschichte der Fehnd\u00f6rfer und die Kultivierung der Moore beherbergt. Dort wurde den Frauen Ostfriesentee und selbstgebackene Kuchen angeboten. Mit vielen tollen Eindrucken kehrte die kfd-Gruppe am fr\u00fchen Abend nach S\u00f6gel zur\u00fcck.<\/p>\n<p align=\"left\">Text: Gisela Arling \/ Foto: Gertrud Janssen<\/p>\n<p align=\"left\"><a href=\"https:\/\/www.forum-soegel.de\/information\/wp-content\/uploads\/2016\/09\/kfd-Frauen-auf-gro\u00dfer-Besichtigungstour-durch-Westgro\u00dfefehn.jpg\"><img loading=\"lazy\" decoding=\"async\" class=\"alignnone size-medium wp-image-19619\" title=\"kfd-Frauen auf gro\u00dfer Besichtigungstour durch Westgro\u00dfefehn\" src=\"https:\/\/www.forum-soegel.de\/information\/wp-content\/uploads\/2016\/09\/kfd-Frauen-auf-gro\u00dfer-Besichtigungstour-durch-Westgro\u00dfefehn-300x175.jpg\" alt=\"\" width=\"300\" height=\"175\" srcset=\"https:\/\/www.forum-soegel.de\/information\/wp-content\/uploads\/2016\/09\/kfd-Frauen-auf-gro\u00dfer-Besichtigungstour-durch-Westgro\u00dfefehn-300x175.jpg 300w, https:\/\/www.forum-soegel.de\/information\/wp-content\/uploads\/2016\/09\/kfd-Frauen-auf-gro\u00dfer-Besichtigungstour-durch-Westgro\u00dfefehn.jpg 1024w\" sizes=\"auto, (max-width: 300px) 100vw, 300px\" \/><\/a><\/p>\n","protected":false},"excerpt":{"rendered":"S\u00f6gel &#8211; 32 kfd- Frauen hatten sich bei Marie-Luise Br\u00fcmmer f\u00fcr die Tagesfahrt nach Westgro\u00dfefehn angemeldet. Bevor sie in Westgro\u00dfefehn von Kapit\u00e4n \u201eManni\u201c und seine Mannschaft zur Erlebnisfahrt durch das Naturschutzgebiet \u201eFehntjer Tief\u201c mit der MS Marion begr\u00fc\u00dft wurden, hatten die Frauen schon ausgiebig im Bus gefr\u00fchst\u00fcckt.\u00a0 \u201eVom Schiff aus konnten wir den Reiz der [&hellip;]\n","protected":false},"author":2,"featured_media":0,"comment_status":"closed","ping_status":"closed","sticky":false,"template":"","format":"standard","meta":{"ngg_post_thumbnail":0,"footnotes":""},"categories":[868],"tags":[],"class_list":["post-19618","post","type-post","status-publish","format-standard","hentry","category-zwischen-himmel-und-erde"],"_links":{"self":[{"href":"https:\/\/www.forum-soegel.de\/information\/wp-json\/wp\/v2\/posts\/19618","targetHints":{"allow":["GET"]}}],"collection":[{"href":"https:\/\/www.forum-soegel.de\/information\/wp-json\/wp\/v2\/posts"}],"about":[{"href":"https:\/\/www.forum-soegel.de\/information\/wp-json\/wp\/v2\/types\/post"}],"author":[{"embeddable":true,"href":"https:\/\/www.forum-soegel.de\/information\/wp-json\/wp\/v2\/users\/2"}],"replies":[{"embeddable":true,"href":"https:\/\/www.forum-soegel.de\/information\/wp-json\/wp\/v2\/comments?post=19618"}],"version-history":[{"count":1,"href":"https:\/\/www.forum-soegel.de\/information\/wp-json\/wp\/v2\/posts\/19618\/revisions"}],"predecessor-version":[{"id":19620,"href":"https:\/\/www.forum-soegel.de\/information\/wp-json\/wp\/v2\/posts\/19618\/revisions\/19620"}],"wp:attachment":[{"href":"https:\/\/www.forum-soegel.de\/information\/wp-json\/wp\/v2\/media?parent=19618"}],"wp:term":[{"taxonomy":"category","embeddable":true,"href":"https:\/\/www.forum-soegel.de\/information\/wp-json\/wp\/v2\/categories?post=19618"},{"taxonomy":"post_tag","embeddable":true,"href":"https:\/\/www.forum-soegel.de\/information\/wp-json\/wp\/v2\/tags?post=19618"}],"curies":[{"name":"wp","href":"https:\/\/api.w.org\/{rel}","templated":true}]}}