{"id":19613,"date":"2016-09-03T07:23:33","date_gmt":"2016-09-03T05:23:33","guid":{"rendered":"https:\/\/www.forum-soegel.de\/information\/?p=19613"},"modified":"2016-09-03T07:23:33","modified_gmt":"2016-09-03T05:23:33","slug":"gonnen-sie-sich-einen-guten-tropfen","status":"publish","type":"post","link":"https:\/\/www.forum-soegel.de\/information\/2016\/09\/gonnen-sie-sich-einen-guten-tropfen\/","title":{"rendered":"G\u00f6nnen Sie sich einen guten Tropfen"},"content":{"rendered":"<p><a href=\"https:\/\/www.forum-soegel.de\/information\/wp-content\/uploads\/2016\/09\/G\u00f6nnen-Sie-sich-einen-guten-Tropfen.jpg\"><img loading=\"lazy\" decoding=\"async\" class=\"alignleft size-medium wp-image-19614\" title=\"G\u00f6nnen Sie sich einen guten Tropfen\" src=\"https:\/\/www.forum-soegel.de\/information\/wp-content\/uploads\/2016\/09\/G\u00f6nnen-Sie-sich-einen-guten-Tropfen-200x300.jpg\" alt=\"\" width=\"200\" height=\"300\" srcset=\"https:\/\/www.forum-soegel.de\/information\/wp-content\/uploads\/2016\/09\/G\u00f6nnen-Sie-sich-einen-guten-Tropfen-200x300.jpg 200w, https:\/\/www.forum-soegel.de\/information\/wp-content\/uploads\/2016\/09\/G\u00f6nnen-Sie-sich-einen-guten-Tropfen.jpg 512w\" sizes=\"auto, (max-width: 200px) 100vw, 200px\" \/><\/a>S\u00f6gel &#8211; Der F\u00f6rderverein Kirchenmusik an St. Jakobus bietet seit einem Jahr in Zusammenarbeit mit der Weinhandlung \u201eWein und Genu\u00df\u201c den \u201eS\u00f6geler Orgeltropfen\u201c an. Diese Aktion kam sehr gut an, so dass inzwischen alle Flaschen der ersten Bestellung verkauft sind.<\/p>\n<p>Bei einer Weinprobe, die im Anschluss an die Vorabendmesse am 10. September 2016 auf dem Jakobusplatz stattfindet, laden wir Sie herzlich ein, unsere neue Auswahl an Orgelweinen zu probieren. Dabei haben wir besonderen Wert auf eine ausgezeichnete Qualit\u00e4t gelegt. Sie haben die Wahl zwischen einem Wei\u00dfwein (Kernerrebe halbtrocken) und einem Rotwein (Sp\u00e4tburgunder feinherb). Ob sie den Wein als Geschenk erwerben oder doch lieber selbst genie\u00dfen wollen, in jedem Fall tragen Sie dazu bei, die Finanzierung der \u201eneuen\u201c Orgel in St. Jakobus einen gro\u00dfen Schritt nach vorne zu bringen, denn aus dem Verkaufserl\u00f6s flie\u00dft je verkaufter Flasche eine Spende in dieses Vorhaben.<\/p>\n<p>Text\/Foto: Ulrike R\u00f6tepohl<\/p>\n<p>&nbsp;<\/p>\n<p>&nbsp;<\/p>\n","protected":false},"excerpt":{"rendered":"S\u00f6gel &#8211; Der F\u00f6rderverein Kirchenmusik an St. Jakobus bietet seit einem Jahr in Zusammenarbeit mit der Weinhandlung \u201eWein und Genu\u00df\u201c den \u201eS\u00f6geler Orgeltropfen\u201c an. Diese Aktion kam sehr gut an, so dass inzwischen alle Flaschen der ersten Bestellung verkauft sind. Bei einer Weinprobe, die im Anschluss an die Vorabendmesse am 10. September 2016 auf dem [&hellip;]\n","protected":false},"author":2,"featured_media":0,"comment_status":"closed","ping_status":"closed","sticky":false,"template":"","format":"standard","meta":{"ngg_post_thumbnail":0,"footnotes":""},"categories":[868],"tags":[],"class_list":["post-19613","post","type-post","status-publish","format-standard","hentry","category-zwischen-himmel-und-erde"],"_links":{"self":[{"href":"https:\/\/www.forum-soegel.de\/information\/wp-json\/wp\/v2\/posts\/19613","targetHints":{"allow":["GET"]}}],"collection":[{"href":"https:\/\/www.forum-soegel.de\/information\/wp-json\/wp\/v2\/posts"}],"about":[{"href":"https:\/\/www.forum-soegel.de\/information\/wp-json\/wp\/v2\/types\/post"}],"author":[{"embeddable":true,"href":"https:\/\/www.forum-soegel.de\/information\/wp-json\/wp\/v2\/users\/2"}],"replies":[{"embeddable":true,"href":"https:\/\/www.forum-soegel.de\/information\/wp-json\/wp\/v2\/comments?post=19613"}],"version-history":[{"count":1,"href":"https:\/\/www.forum-soegel.de\/information\/wp-json\/wp\/v2\/posts\/19613\/revisions"}],"predecessor-version":[{"id":19615,"href":"https:\/\/www.forum-soegel.de\/information\/wp-json\/wp\/v2\/posts\/19613\/revisions\/19615"}],"wp:attachment":[{"href":"https:\/\/www.forum-soegel.de\/information\/wp-json\/wp\/v2\/media?parent=19613"}],"wp:term":[{"taxonomy":"category","embeddable":true,"href":"https:\/\/www.forum-soegel.de\/information\/wp-json\/wp\/v2\/categories?post=19613"},{"taxonomy":"post_tag","embeddable":true,"href":"https:\/\/www.forum-soegel.de\/information\/wp-json\/wp\/v2\/tags?post=19613"}],"curies":[{"name":"wp","href":"https:\/\/api.w.org\/{rel}","templated":true}]}}