{"id":19610,"date":"2016-09-03T07:22:10","date_gmt":"2016-09-03T05:22:10","guid":{"rendered":"https:\/\/www.forum-soegel.de\/information\/?p=19610"},"modified":"2016-09-03T07:22:10","modified_gmt":"2016-09-03T05:22:10","slug":"erster-celebration-gottestdienst-stost-auf-positive-resonanz-nachster-termin-am-09-09-2016","status":"publish","type":"post","link":"https:\/\/www.forum-soegel.de\/information\/2016\/09\/erster-celebration-gottestdienst-stost-auf-positive-resonanz-nachster-termin-am-09-09-2016\/","title":{"rendered":"Erster CELEBRATION-Gottestdienst st\u00f6\u00dft auf positive Resonanz  &#8211; n\u00e4chster Termin am 09.09.2016"},"content":{"rendered":"<p><a href=\"https:\/\/www.forum-soegel.de\/information\/wp-content\/uploads\/2016\/09\/Erster-CELEBRATION-Gottestdienst-st\u00f6\u00dft-auf-positive-Resonanz.jpg\"><img loading=\"lazy\" decoding=\"async\" class=\"alignleft size-medium wp-image-19611\" title=\"Erster CELEBRATION-Gottestdienst st\u00f6\u00dft auf positive Resonanz\" src=\"https:\/\/www.forum-soegel.de\/information\/wp-content\/uploads\/2016\/09\/Erster-CELEBRATION-Gottestdienst-st\u00f6\u00dft-auf-positive-Resonanz-300x212.jpg\" alt=\"\" width=\"300\" height=\"212\" srcset=\"https:\/\/www.forum-soegel.de\/information\/wp-content\/uploads\/2016\/09\/Erster-CELEBRATION-Gottestdienst-st\u00f6\u00dft-auf-positive-Resonanz-300x212.jpg 300w, https:\/\/www.forum-soegel.de\/information\/wp-content\/uploads\/2016\/09\/Erster-CELEBRATION-Gottestdienst-st\u00f6\u00dft-auf-positive-Resonanz.jpg 1024w\" sizes=\"auto, (max-width: 300px) 100vw, 300px\" \/><\/a>S\u00f6gel &#8211; Wer am Freitag, dem 27. Mai 2016 zwischen 18:30 und 19:30 an der Markuskirche vorbeiging, h\u00f6rte ungewohnte Sounds und Lieder nach drau\u00dfen dringen: Keyboard, Schlagzeug, moderne Lieder in Englisch und Deutsch und viele Kinderstimmen: Drinnen feierten circa 60 kleine und gro\u00dfe Besucher den ersten CELEBRATION Gottesdienst unserer Gemeinde. Neben moderner Musik ging es vor allem ums gemeinsame Feiern und Gestalten des Abendgottesdienstes: Tanja Schepers nahm die Besucher mit auf eine Reise in die W\u00fcste zum gro\u00dfen Berg und seinen vertrockneten Brunnen, in welchen nach tiefem Graben schlie\u00dflich doch das Wasser sprudelte und das Land wieder gr\u00fcnte. Anschlie\u00dfend gestaltete sie gemeinsam mit den Kindern ein sch\u00f6nes, buntes Fadenkreuz in der eigens f\u00fcr die kleinen Besucher eingerichteten Kinderecke. \u00a0Die \u00a0\u201cGro\u00dfen\u201d sangen indessen bei rockigem Sound \u201cYou make me brave &#8211; Du machst mich mutig und stark\u201d.<\/p>\n<p>Pastor Matthias Vo\u00df fragte die Besucher ganz direkt: Was bedeutet f\u00fcr dich Gemeinschaft? Gemeinsam lachen, essen, weinen, dem anderen zuh\u00f6ren und zusammen Feste feiern &#8211; die Antworten waren vielf\u00e4ltig und bunt, genauso wie das Netz aus Wolle, das sich unter den Besuchern beim Weitergeben des Kn\u00e4uels entspann. Nach ein paar weiteren Liedern, die zum ersten Mal per Beamer \u00fcber dem Altar angezeigt wurden, waren die Besucher zum gemeinsamen Abendessen im Katharina von Bora-Haus eingeladen. Dieser Einladung folgten viele G\u00e4ste, es wurde in lockerer Runde gegessen, gelacht, geredet und gespielt. Besonders sch\u00f6n: Auch einige katholische S\u00f6geler und Mitb\u00fcrger aus Afghanistan waren zu diesem Gottesdienst gekommen. Insgesamt gab es viele positive R\u00fcckmeldungen, viele Besucher w\u00fcnschten sich, dass dem Auftakt weitere CELEBRATIONS folgen sollen.<\/p>\n<p>Dem wollen wir nachkommen, denn auch uns hat es viel Spa\u00df gemacht, mit neuen Kl\u00e4ngen Gott zu loben und miteinander Gemeinschaft zu erleben und zu feiern. Der Termin f\u00fcr den zweiten CELEBRATION-Gottesdienst steht bereits fest: Am Freitag, 09. September 2016, um 18:30 seid ihr herzlich in unsere Markuskirche eingeladen! Nach dem Gottesdienst wollen wir wieder gemeinsam im Gemeindehaus Abend essen.<\/p>\n<p>Wichtig: Wir freuen uns \u00fcber tatkr\u00e4ftige Unterst\u00fctzung und Verst\u00e4rkung: Wer Lust hat, musikalisch in der Band mitzuwirken (wir suchen einen E-Gitarristen, einen Bassisten und S\u00e4nger) oder sich mit Theater, Tanz, Gebeten, Vorbereitung des Abendessens zu beteiligen, kann sich an Christian und Silke Helbich (05952 \/ 90 36 99) wenden. Geplant ist, den CELEBRATION-Gottesdienst etwa viertelj\u00e4hrlich stattfinden zu lassen. Wir freuen uns auf euch!<\/p>\n<p>Text: Christian Helbich<\/p>\n<p>&nbsp;<\/p>\n","protected":false},"excerpt":{"rendered":"S\u00f6gel &#8211; Wer am Freitag, dem 27. Mai 2016 zwischen 18:30 und 19:30 an der Markuskirche vorbeiging, h\u00f6rte ungewohnte Sounds und Lieder nach drau\u00dfen dringen: Keyboard, Schlagzeug, moderne Lieder in Englisch und Deutsch und viele Kinderstimmen: Drinnen feierten circa 60 kleine und gro\u00dfe Besucher den ersten CELEBRATION Gottesdienst unserer Gemeinde. Neben moderner Musik ging es [&hellip;]\n","protected":false},"author":2,"featured_media":0,"comment_status":"closed","ping_status":"closed","sticky":false,"template":"","format":"standard","meta":{"ngg_post_thumbnail":0,"footnotes":""},"categories":[868],"tags":[],"class_list":["post-19610","post","type-post","status-publish","format-standard","hentry","category-zwischen-himmel-und-erde"],"_links":{"self":[{"href":"https:\/\/www.forum-soegel.de\/information\/wp-json\/wp\/v2\/posts\/19610","targetHints":{"allow":["GET"]}}],"collection":[{"href":"https:\/\/www.forum-soegel.de\/information\/wp-json\/wp\/v2\/posts"}],"about":[{"href":"https:\/\/www.forum-soegel.de\/information\/wp-json\/wp\/v2\/types\/post"}],"author":[{"embeddable":true,"href":"https:\/\/www.forum-soegel.de\/information\/wp-json\/wp\/v2\/users\/2"}],"replies":[{"embeddable":true,"href":"https:\/\/www.forum-soegel.de\/information\/wp-json\/wp\/v2\/comments?post=19610"}],"version-history":[{"count":1,"href":"https:\/\/www.forum-soegel.de\/information\/wp-json\/wp\/v2\/posts\/19610\/revisions"}],"predecessor-version":[{"id":19612,"href":"https:\/\/www.forum-soegel.de\/information\/wp-json\/wp\/v2\/posts\/19610\/revisions\/19612"}],"wp:attachment":[{"href":"https:\/\/www.forum-soegel.de\/information\/wp-json\/wp\/v2\/media?parent=19610"}],"wp:term":[{"taxonomy":"category","embeddable":true,"href":"https:\/\/www.forum-soegel.de\/information\/wp-json\/wp\/v2\/categories?post=19610"},{"taxonomy":"post_tag","embeddable":true,"href":"https:\/\/www.forum-soegel.de\/information\/wp-json\/wp\/v2\/tags?post=19610"}],"curies":[{"name":"wp","href":"https:\/\/api.w.org\/{rel}","templated":true}]}}