{"id":19607,"date":"2016-09-03T07:20:16","date_gmt":"2016-09-03T05:20:16","guid":{"rendered":"https:\/\/www.forum-soegel.de\/information\/?p=19607"},"modified":"2016-09-03T07:20:16","modified_gmt":"2016-09-03T05:20:16","slug":"35-jahre-und-trotzdem-ganz-schon-leise","status":"publish","type":"post","link":"https:\/\/www.forum-soegel.de\/information\/2016\/09\/35-jahre-und-trotzdem-ganz-schon-leise\/","title":{"rendered":"35 Jahre und trotzdem ganz sch\u00f6n leise"},"content":{"rendered":"<p align=\"left\"><a href=\"https:\/\/www.forum-soegel.de\/information\/wp-content\/uploads\/2016\/09\/35-Jahre-und-trotzdem-ganz-sch\u00f6n-leise.jpg\"><img loading=\"lazy\" decoding=\"async\" class=\"alignleft size-medium wp-image-19608\" title=\"35 Jahre und trotzdem ganz sch\u00f6n leise\" src=\"https:\/\/www.forum-soegel.de\/information\/wp-content\/uploads\/2016\/09\/35-Jahre-und-trotzdem-ganz-sch\u00f6n-leise-300x199.jpg\" alt=\"\" width=\"300\" height=\"199\" srcset=\"https:\/\/www.forum-soegel.de\/information\/wp-content\/uploads\/2016\/09\/35-Jahre-und-trotzdem-ganz-sch\u00f6n-leise-300x199.jpg 300w, https:\/\/www.forum-soegel.de\/information\/wp-content\/uploads\/2016\/09\/35-Jahre-und-trotzdem-ganz-sch\u00f6n-leise.jpg 1024w\" sizes=\"auto, (max-width: 300px) 100vw, 300px\" \/><\/a>S\u00f6gel &#8211; Als ehrenamtliche Helferin hat Gertrud R\u00f6tepohl in der katholischen \u00f6ffentlichen B\u00fccherei in S\u00f6gel gearbeitet. Ende des Monats verabschiedet sie sich nun nach 35 Jahren in den \u201eRuhestand\u201c. Ganz bescheiden und zur\u00fcckhaltend. Sie hat in den vielen Jahren die unterschiedlichen Standorte der B\u00fccherei mitgestaltet, einger\u00e4umt und nat\u00fcrlich in Zusammenarbeit mit ihren Kolleginnen und der Leiterin Angelika Hespe erfolgreich gef\u00fchrt.<\/p>\n<p align=\"left\">Die Schwerpunkte dieser Arbeit liegen u.a. in der Literaturvermittlung, Besch\u00e4ftigung\u00a0 mit Literatur, Internetnutzung als Arbeits- und Auskunftsmittel und nat\u00fcrlich der Ausleihe.<\/p>\n<p align=\"left\">R\u00f6tepohl, so Angelika Hespe, entsprach in ihrer langj\u00e4hrigen T\u00e4tigkeit einem Leitspruch der Einrichtung. Der lautet: \u201eMenschen, die sich erfolgreich in den B\u00fcchereiarbeiten engagieren, bringen eigene F\u00e4higkeiten mit oder entwickeln diese\u201c. Es waren besonders die Stichworte Verantwortungsbewusstsein, Eigeninitiative, Kreativit\u00e4t und Teamf\u00e4higkeit.<\/p>\n<p align=\"left\">Hespe zur Verabschiedung: \u201eIch bin ihr sehr sehr dankbar und wir werden sie sehr vermissen.\u201c<\/p>\n<p align=\"left\">Text: Klaus Sch\u00e4ffner \/ Foto: Hermann Wichmann<\/p>\n","protected":false},"excerpt":{"rendered":"S\u00f6gel &#8211; Als ehrenamtliche Helferin hat Gertrud R\u00f6tepohl in der katholischen \u00f6ffentlichen B\u00fccherei in S\u00f6gel gearbeitet. Ende des Monats verabschiedet sie sich nun nach 35 Jahren in den \u201eRuhestand\u201c. Ganz bescheiden und zur\u00fcckhaltend. Sie hat in den vielen Jahren die unterschiedlichen Standorte der B\u00fccherei mitgestaltet, einger\u00e4umt und nat\u00fcrlich in Zusammenarbeit mit ihren Kolleginnen und der [&hellip;]\n","protected":false},"author":2,"featured_media":0,"comment_status":"closed","ping_status":"closed","sticky":false,"template":"","format":"standard","meta":{"ngg_post_thumbnail":0,"footnotes":""},"categories":[868],"tags":[],"class_list":["post-19607","post","type-post","status-publish","format-standard","hentry","category-zwischen-himmel-und-erde"],"_links":{"self":[{"href":"https:\/\/www.forum-soegel.de\/information\/wp-json\/wp\/v2\/posts\/19607","targetHints":{"allow":["GET"]}}],"collection":[{"href":"https:\/\/www.forum-soegel.de\/information\/wp-json\/wp\/v2\/posts"}],"about":[{"href":"https:\/\/www.forum-soegel.de\/information\/wp-json\/wp\/v2\/types\/post"}],"author":[{"embeddable":true,"href":"https:\/\/www.forum-soegel.de\/information\/wp-json\/wp\/v2\/users\/2"}],"replies":[{"embeddable":true,"href":"https:\/\/www.forum-soegel.de\/information\/wp-json\/wp\/v2\/comments?post=19607"}],"version-history":[{"count":1,"href":"https:\/\/www.forum-soegel.de\/information\/wp-json\/wp\/v2\/posts\/19607\/revisions"}],"predecessor-version":[{"id":19609,"href":"https:\/\/www.forum-soegel.de\/information\/wp-json\/wp\/v2\/posts\/19607\/revisions\/19609"}],"wp:attachment":[{"href":"https:\/\/www.forum-soegel.de\/information\/wp-json\/wp\/v2\/media?parent=19607"}],"wp:term":[{"taxonomy":"category","embeddable":true,"href":"https:\/\/www.forum-soegel.de\/information\/wp-json\/wp\/v2\/categories?post=19607"},{"taxonomy":"post_tag","embeddable":true,"href":"https:\/\/www.forum-soegel.de\/information\/wp-json\/wp\/v2\/tags?post=19607"}],"curies":[{"name":"wp","href":"https:\/\/api.w.org\/{rel}","templated":true}]}}