{"id":19605,"date":"2016-09-03T07:19:04","date_gmt":"2016-09-03T05:19:04","guid":{"rendered":"https:\/\/www.forum-soegel.de\/information\/?p=19605"},"modified":"2016-09-03T07:19:04","modified_gmt":"2016-09-03T05:19:04","slug":"%e2%80%9emusik%e2%80%94deine-zauber-binden-wieder-%e2%80%9c","status":"publish","type":"post","link":"https:\/\/www.forum-soegel.de\/information\/2016\/09\/%e2%80%9emusik%e2%80%94deine-zauber-binden-wieder-%e2%80%9c\/","title":{"rendered":"\u201eMUSIK\u2014deine Zauber binden wieder&#8230;&#8230;&#8230;&#8230;..\u201c"},"content":{"rendered":"<p>S\u00f6gel &#8211; Es ist eine mehr als 40-j\u00e4hrige Tradition, dass der \u201eSingkreis S\u00f6gel\u201c die letzte Chorprobe vor der Sommerpause im Garten der langj\u00e4hrigen 1. Vorsitzenden und nunmehrigen \u201eEhrens\u00e4ngerin\u201c Walburga Kohnen abh\u00e4lt. Wegen der unsicheren Wetterlage fand der Musikabend in diesem Jahr allerdings im Winter-Garten statt.<\/p>\n<p>Der Chor hatte bereits viele der in der zur\u00fcck liegenden Saison unter der Leitung von Beatrix L\u00fcckmann-Langen einstudierten Lieder wiederholt als pl\u00f6tzlich ein unerwartetes Ereignis eintrat: S\u00e4ngerinnen- und S\u00e4nger des \u201eKALINKA\u201c-Chores, angef\u00fchrt von Konstantin Biefeld mit Akkordeon, betraten singend den Probenraum.<\/p>\n<p>Als Gastgeschenk hatten sie einen gewaltigen Kuchen, Karawai (Feiertagsbrot) genannt, mitgebracht. Sie wurden vom Singkreis mit herzlichem Applaus willkommen gehei\u00dfen. Die Idee zu dieser \u00dcberraschung war Walburga Kohnen nach dem Auftritt des Kalinka-Chores bei der \u201eItalienischen Nacht\u201c auf dem Ludmillenhof gekommen und sie hatte ihn spontan eingeladen.<\/p>\n<p>Und nun begann ein ungew\u00f6hnlicher Musikabend. Der Kalinka-Chor sang seine teils elegischen, teils temperamentvollen russischen Weisen, der Singkreis bot Kostproben aus seinem Repertoire. Den \u201eH\u00fcmmelsken Burn\u201c sangen beide Ch\u00f6re gemeinsam.<\/p>\n<p>Dann mischten sich die G\u00e4ste unter die Singkreiss\u00e4nger. Man plauderte angeregt miteinander und nat\u00fcrlich wurde auch manches Gl\u00e4schen geleert und der k\u00f6stliche Karawei angeschnitten. Wohl jeder in der Runde sp\u00fcrte, welch integrative Kraft der Musik innewohnt, wie ihr Zauber Menschen unterschiedlicher Art und Herkunft miteinander verbindet.<\/p>\n<p>Als sich die G\u00e4ste verabschiedeten war man sich einig, dass ein solcher Abend gemeinsamen Singens wiederholt werden sollte.<\/p>\n<p>Text: R.A.<\/p>\n<p>&nbsp;<\/p>\n<p>&nbsp;<\/p>\n","protected":false},"excerpt":{"rendered":"S\u00f6gel &#8211; Es ist eine mehr als 40-j\u00e4hrige Tradition, dass der \u201eSingkreis S\u00f6gel\u201c die letzte Chorprobe vor der Sommerpause im Garten der langj\u00e4hrigen 1. Vorsitzenden und nunmehrigen \u201eEhrens\u00e4ngerin\u201c Walburga Kohnen abh\u00e4lt. Wegen der unsicheren Wetterlage fand der Musikabend in diesem Jahr allerdings im Winter-Garten statt. Der Chor hatte bereits viele der in der zur\u00fcck liegenden [&hellip;]\n","protected":false},"author":2,"featured_media":0,"comment_status":"closed","ping_status":"closed","sticky":false,"template":"","format":"standard","meta":{"ngg_post_thumbnail":0,"footnotes":""},"categories":[5],"tags":[],"class_list":["post-19605","post","type-post","status-publish","format-standard","hentry","category-was-machen-die-vereine"],"_links":{"self":[{"href":"https:\/\/www.forum-soegel.de\/information\/wp-json\/wp\/v2\/posts\/19605","targetHints":{"allow":["GET"]}}],"collection":[{"href":"https:\/\/www.forum-soegel.de\/information\/wp-json\/wp\/v2\/posts"}],"about":[{"href":"https:\/\/www.forum-soegel.de\/information\/wp-json\/wp\/v2\/types\/post"}],"author":[{"embeddable":true,"href":"https:\/\/www.forum-soegel.de\/information\/wp-json\/wp\/v2\/users\/2"}],"replies":[{"embeddable":true,"href":"https:\/\/www.forum-soegel.de\/information\/wp-json\/wp\/v2\/comments?post=19605"}],"version-history":[{"count":1,"href":"https:\/\/www.forum-soegel.de\/information\/wp-json\/wp\/v2\/posts\/19605\/revisions"}],"predecessor-version":[{"id":19606,"href":"https:\/\/www.forum-soegel.de\/information\/wp-json\/wp\/v2\/posts\/19605\/revisions\/19606"}],"wp:attachment":[{"href":"https:\/\/www.forum-soegel.de\/information\/wp-json\/wp\/v2\/media?parent=19605"}],"wp:term":[{"taxonomy":"category","embeddable":true,"href":"https:\/\/www.forum-soegel.de\/information\/wp-json\/wp\/v2\/categories?post=19605"},{"taxonomy":"post_tag","embeddable":true,"href":"https:\/\/www.forum-soegel.de\/information\/wp-json\/wp\/v2\/tags?post=19605"}],"curies":[{"name":"wp","href":"https:\/\/api.w.org\/{rel}","templated":true}]}}