{"id":19597,"date":"2016-09-03T07:13:36","date_gmt":"2016-09-03T05:13:36","guid":{"rendered":"https:\/\/www.forum-soegel.de\/information\/?p=19597"},"modified":"2016-09-03T07:13:36","modified_gmt":"2016-09-03T05:13:36","slug":"tankloschfahrzeug-mit-eigenmitteln-und-spenden-beschafft","status":"publish","type":"post","link":"https:\/\/www.forum-soegel.de\/information\/2016\/09\/tankloschfahrzeug-mit-eigenmitteln-und-spenden-beschafft\/","title":{"rendered":"Tankl\u00f6schfahrzeug mit Eigenmitteln und Spenden beschafft"},"content":{"rendered":"<p><a href=\"https:\/\/www.forum-soegel.de\/information\/wp-content\/uploads\/2016\/09\/Tankl\u00f6schfahrzeug-mit-Eigenmitteln-und-Spenden-beschafft2.jpg\"><img loading=\"lazy\" decoding=\"async\" class=\"alignleft size-thumbnail wp-image-19599\" title=\"Tankl\u00f6schfahrzeug mit Eigenmitteln und Spenden beschafft2\" src=\"https:\/\/www.forum-soegel.de\/information\/wp-content\/uploads\/2016\/09\/Tankl\u00f6schfahrzeug-mit-Eigenmitteln-und-Spenden-beschafft2-150x150.jpg\" alt=\"\" width=\"150\" height=\"150\" \/><\/a>Spahnharrenst\u00e4tte &#8211; Unter gro\u00dfer Beteiligung der Bev\u00f6lkerung konnte am Sonntagnachmittag das neue Tankl\u00f6schfahrzeug TLF 16\/24 der Freiwilligen Feuerwehr Spahnharrenst\u00e4tte geweiht werden. Die Wehr hatte die Beschaffung mit eigenen Mitteln ihres F\u00f6rdervereins und Sponsoren erm\u00f6glichen k\u00f6nnen.<\/p>\n<p>Nicht ohne Stolz wies Ortsbrandmeister Alfons Baalmann darauf hin, dass man eine gro\u00dfe Zahl von Sponsoren und Spendern gewinnen konnte. Insgesamt habe man f\u00fcr die Anschaffung, die Ausr\u00fcstung und die Aufarbeitung des\u00a0 2 500 Liters fassenden gebrauchten Fahrzeuges rund 30 000 Euro aufgewandt. Unz\u00e4hlige Stunden an Eigenleistungen seien von den 37 Aktiven und sieben Mitgliedern der Altersabteilung geleistet worden.<\/p>\n<p>Samtgemeindeb\u00fcrgermeister G\u00fcnter Wigbers fand lobende Worte f\u00fcr das Engagement der Spahnharrenst\u00e4tter Kameraden und deren F\u00fchrung und wies darauf hin, dass nur ein Fahrzeug f\u00fcr eine Feuerwehr mit Grundausstattung vorgesehen sei. Gleichwohl w\u00fcrde man als Samtgemeinde die Unterhaltungskosten \u00fcbernehmen. Die Gemeinde Spahnharrenst\u00e4tte hat sich, so B\u00fcrgermeister Reinhard Timpker, mit einem Zuschuss beteiligt. F\u00fcr Spahnharrenst\u00e4tte sei die Wehr der Garant f\u00fcr die Sicherheit im Ort.<\/p>\n<p>Sowohl Kreisbrandmeister Holger Dyckhoff als auch Abschnittsleiter Gerd K\u00f6bbe gratulierten der Wehr zu der selbstinitiierten St\u00e4rkung der Schlagkraft. Gemeindebrandmeister Heinz L\u00fcckenjans betonte, dass in Spahnharrenst\u00e4tte die B\u00fcrger hinter ihrer Feuerwehr st\u00fcnden und die Beschaffung letztlich eine Investition in die Sicherheit des Ortes sei. Ehrenbrandmeister Wilhelm Jansen, der auch den F\u00f6rderverein vertrat, ging auf die Geschichte der Wehr ein und berichtete, dass man bis 1966 mit einer vom Trecker gezogenen Spritze auskommen musste. Danach habe sich die Wehr weiterentwickelt und verf\u00fcge heute \u00fcber zwei leistungsf\u00e4hige Fahrzeuge. Ein besonderer Dank gelte neben allen anderen Spendern der Arenberg-Meppen-GmbH, die im L\u00f6schbereich gr\u00f6\u00dfere Waldbest\u00e4nde betreut.<\/p>\n<p>Pfarrer Bernd Horstmann und Pastor Hill weihten das Fahrzeug und betonten, dass der Segen der Mannschaft gelte. Vor der Leistung der Feuerwehren und Rettungsdiensten, die Tag und Nacht abrufbar sei, insgesamt habe man gro\u00dfen Respekt. Neben dem offiziellen Teil bot der Blaulichtnachmittag ein unterhaltsames Programm f\u00fcr alle G\u00e4ste. besonders die j\u00fcngsten Besucher kamen auf ihre Kosten. Ein gro\u00dfes Kuchenbuffet der Feuerwehrfrauen fand gro\u00dfen Anklang.<\/p>\n<p>Text\/Foto: LB<\/p>\n<div id=\"attachment_19598\" style=\"width: 310px\" class=\"wp-caption alignnone\"><a href=\"https:\/\/www.forum-soegel.de\/information\/wp-content\/uploads\/2016\/09\/Tankl\u00f6schfahrzeug-mit-Eigenmitteln-und-Spenden-beschafft1.jpg\"><img loading=\"lazy\" decoding=\"async\" aria-describedby=\"caption-attachment-19598\" class=\"size-medium wp-image-19598\" title=\"Tankl\u00f6schfahrzeug mit Eigenmitteln und Spenden beschafft1\" src=\"https:\/\/www.forum-soegel.de\/information\/wp-content\/uploads\/2016\/09\/Tankl\u00f6schfahrzeug-mit-Eigenmitteln-und-Spenden-beschafft1-300x200.jpg\" alt=\"\" width=\"300\" height=\"200\" srcset=\"https:\/\/www.forum-soegel.de\/information\/wp-content\/uploads\/2016\/09\/Tankl\u00f6schfahrzeug-mit-Eigenmitteln-und-Spenden-beschafft1-300x200.jpg 300w, https:\/\/www.forum-soegel.de\/information\/wp-content\/uploads\/2016\/09\/Tankl\u00f6schfahrzeug-mit-Eigenmitteln-und-Spenden-beschafft1.jpg 1024w\" sizes=\"auto, (max-width: 300px) 100vw, 300px\" \/><\/a><p id=\"caption-attachment-19598\" class=\"wp-caption-text\">Sowohl die Kameraden der Freiwilligen Feuerwehr Spahnharrenst\u00e4tte als auch die Ehreng\u00e4ste freuten sich \u00fcber die Indienststellung des neuen Tankl\u00f6schfahrzeuges TLF 16\/25. Zahlreiche B\u00fcrger wohnten der Einweihung im Rahmen des Blaulichtnachmittages bei.<\/p><\/div>\n","protected":false},"excerpt":{"rendered":"Spahnharrenst\u00e4tte &#8211; Unter gro\u00dfer Beteiligung der Bev\u00f6lkerung konnte am Sonntagnachmittag das neue Tankl\u00f6schfahrzeug TLF 16\/24 der Freiwilligen Feuerwehr Spahnharrenst\u00e4tte geweiht werden. Die Wehr hatte die Beschaffung mit eigenen Mitteln ihres F\u00f6rdervereins und Sponsoren erm\u00f6glichen k\u00f6nnen. Nicht ohne Stolz wies Ortsbrandmeister Alfons Baalmann darauf hin, dass man eine gro\u00dfe Zahl von Sponsoren und Spendern gewinnen konnte. [&hellip;]\n","protected":false},"author":2,"featured_media":0,"comment_status":"closed","ping_status":"closed","sticky":false,"template":"","format":"standard","meta":{"ngg_post_thumbnail":0,"footnotes":""},"categories":[3],"tags":[],"class_list":["post-19597","post","type-post","status-publish","format-standard","hentry","category-aktuelles-aus-der-region"],"_links":{"self":[{"href":"https:\/\/www.forum-soegel.de\/information\/wp-json\/wp\/v2\/posts\/19597","targetHints":{"allow":["GET"]}}],"collection":[{"href":"https:\/\/www.forum-soegel.de\/information\/wp-json\/wp\/v2\/posts"}],"about":[{"href":"https:\/\/www.forum-soegel.de\/information\/wp-json\/wp\/v2\/types\/post"}],"author":[{"embeddable":true,"href":"https:\/\/www.forum-soegel.de\/information\/wp-json\/wp\/v2\/users\/2"}],"replies":[{"embeddable":true,"href":"https:\/\/www.forum-soegel.de\/information\/wp-json\/wp\/v2\/comments?post=19597"}],"version-history":[{"count":1,"href":"https:\/\/www.forum-soegel.de\/information\/wp-json\/wp\/v2\/posts\/19597\/revisions"}],"predecessor-version":[{"id":19600,"href":"https:\/\/www.forum-soegel.de\/information\/wp-json\/wp\/v2\/posts\/19597\/revisions\/19600"}],"wp:attachment":[{"href":"https:\/\/www.forum-soegel.de\/information\/wp-json\/wp\/v2\/media?parent=19597"}],"wp:term":[{"taxonomy":"category","embeddable":true,"href":"https:\/\/www.forum-soegel.de\/information\/wp-json\/wp\/v2\/categories?post=19597"},{"taxonomy":"post_tag","embeddable":true,"href":"https:\/\/www.forum-soegel.de\/information\/wp-json\/wp\/v2\/tags?post=19597"}],"curies":[{"name":"wp","href":"https:\/\/api.w.org\/{rel}","templated":true}]}}