{"id":19594,"date":"2016-09-03T07:11:15","date_gmt":"2016-09-03T05:11:15","guid":{"rendered":"https:\/\/www.forum-soegel.de\/information\/?p=19594"},"modified":"2016-09-03T07:11:15","modified_gmt":"2016-09-03T05:11:15","slug":"strasenmalfest-in-sogel-begeistert-zuschauer","status":"publish","type":"post","link":"https:\/\/www.forum-soegel.de\/information\/2016\/09\/strasenmalfest-in-sogel-begeistert-zuschauer\/","title":{"rendered":"Stra\u00dfenmalfest in S\u00f6gel begeistert Zuschauer"},"content":{"rendered":"<p>S\u00f6gel &#8211; Internationale Stra\u00dfenmalk\u00fcnstler haben in S\u00f6gel ihr k\u00fcnstlerisches K\u00f6nnen gezeigt. Zahlreiche Besucher konnten imposante zwei- und dreidimensionale Bilder bestaunen.<\/p>\n<p>Die 19 Stra\u00dfenmalk\u00fcnstler r\u00fcckten mit Farbe, Geduld, Technik und vor allem gro\u00dfen Talent in S\u00f6gel an. In der Ortsmitte verwandelten sie den sonst etwas trostlosen Boden in eine B\u00fchne f\u00fcr ein k\u00fcnstlerisches Farbfeuerwerk. In abgesperrten Bereichen verwirklichten die K\u00fcnstler zwei- und dreidimensionale Bilder, die die zahlreichen Zuschauer zum Staunen brachten. Die K\u00fcnstler selbst kamen dabei aus den unterschiedlichsten L\u00e4ndern dieser Welt, zum Beispiel aus Mexiko, der Ukraine, Italien, Frankreich, den USA oder Russland. Auch deutsche Stra\u00dfenmalk\u00fcnstler waren in S\u00f6gel anzutreffen.<\/p>\n<p>Unter den Bildern waren die verschiedensten Motive wie Gesichter, Tiere oder auch Menschen zu sehen. Dabei zeigten die K\u00fcnstler ihr Talent mit beeindruckender und real aussehender Maltechnik. Aber auch abstrakt wirkende Illustrationen wurden gemalt. Besonders imposant waren die dreidimensionalen Bilder. Diese zeigten nur aus einem bestimmten Blickwinkel ihre Wirkung. Damit wird eine Interaktion mit dem Zuschauer eingegangen, wodurch der Beobachter Teil der Illustrationen wird. Die gr\u00f6\u00dfte dreidimensionale Fl\u00e4che gestaltete der aus Deutschland stammende K\u00fcnstler Gregor Wosik. Auf seinem Bild zeigte sich unter anderem ein riesiger Adler und weitere Tiere, die vor einem Abgrund stehen.<\/p>\n<p>Technisch waren die K\u00fcnstler voll ausgestattet. Mit einer bunten Palette an Farben kamen sie in die Gemeinde auf dem H\u00fcmmling. Die meisten der Werke wurden anhand von Fotomotiven abgezeichnet. Dabei wurde zun\u00e4chst der zu bemalende Bereich in unterschiedliche Sektoren geteilt, um so optimal die Zeichnungen vom Papier auf die Stra\u00dfe zu \u00fcbertragen. Anschlie\u00dfend kamen bei den K\u00fcnstlern Pinsel und Farbe zum Einsatz. Die Maler vervollst\u00e4ndigten damit ihre Werke, meist in geb\u00fcckter Haltung. Immer wieder einsetzende kurze Regenschauer konnten den Veranstaltern aber nichts anhaben. Sobald auch nur die ersten Tropfen am Himmel gesehen wurden, unterbrachen die K\u00fcnstler ihrer Arbeiten und verdeckten die Kunstwerke unter Planen. Andere arbeiteten von vornerein unter einem Pavillon, um sich vor dem Regen zu sch\u00fctzen.<\/p>\n<p>Text: Jonas Brinker, Ems-Zeitung \/ Foto: Ingrid Cloppenburg, Gemeinde S\u00f6gel<\/p>\n<p><a href=\"https:\/\/www.forum-soegel.de\/information\/wp-content\/uploads\/2016\/09\/Stra\u00dfenmalfest-in-S\u00f6gel-begeistert-Zuschauer.jpg\"><img loading=\"lazy\" decoding=\"async\" class=\"alignnone size-medium wp-image-19595\" title=\"Stra\u00dfenmalfest in S\u00f6gel begeistert Zuschauer\" src=\"https:\/\/www.forum-soegel.de\/information\/wp-content\/uploads\/2016\/09\/Stra\u00dfenmalfest-in-S\u00f6gel-begeistert-Zuschauer-300x225.jpg\" alt=\"\" width=\"300\" height=\"225\" srcset=\"https:\/\/www.forum-soegel.de\/information\/wp-content\/uploads\/2016\/09\/Stra\u00dfenmalfest-in-S\u00f6gel-begeistert-Zuschauer-300x225.jpg 300w, https:\/\/www.forum-soegel.de\/information\/wp-content\/uploads\/2016\/09\/Stra\u00dfenmalfest-in-S\u00f6gel-begeistert-Zuschauer.jpg 1024w\" sizes=\"auto, (max-width: 300px) 100vw, 300px\" \/><\/a><\/p>\n","protected":false},"excerpt":{"rendered":"S\u00f6gel &#8211; Internationale Stra\u00dfenmalk\u00fcnstler haben in S\u00f6gel ihr k\u00fcnstlerisches K\u00f6nnen gezeigt. Zahlreiche Besucher konnten imposante zwei- und dreidimensionale Bilder bestaunen. Die 19 Stra\u00dfenmalk\u00fcnstler r\u00fcckten mit Farbe, Geduld, Technik und vor allem gro\u00dfen Talent in S\u00f6gel an. In der Ortsmitte verwandelten sie den sonst etwas trostlosen Boden in eine B\u00fchne f\u00fcr ein k\u00fcnstlerisches Farbfeuerwerk. In abgesperrten [&hellip;]\n","protected":false},"author":2,"featured_media":0,"comment_status":"closed","ping_status":"closed","sticky":false,"template":"","format":"standard","meta":{"ngg_post_thumbnail":0,"footnotes":""},"categories":[3],"tags":[],"class_list":["post-19594","post","type-post","status-publish","format-standard","hentry","category-aktuelles-aus-der-region"],"_links":{"self":[{"href":"https:\/\/www.forum-soegel.de\/information\/wp-json\/wp\/v2\/posts\/19594","targetHints":{"allow":["GET"]}}],"collection":[{"href":"https:\/\/www.forum-soegel.de\/information\/wp-json\/wp\/v2\/posts"}],"about":[{"href":"https:\/\/www.forum-soegel.de\/information\/wp-json\/wp\/v2\/types\/post"}],"author":[{"embeddable":true,"href":"https:\/\/www.forum-soegel.de\/information\/wp-json\/wp\/v2\/users\/2"}],"replies":[{"embeddable":true,"href":"https:\/\/www.forum-soegel.de\/information\/wp-json\/wp\/v2\/comments?post=19594"}],"version-history":[{"count":1,"href":"https:\/\/www.forum-soegel.de\/information\/wp-json\/wp\/v2\/posts\/19594\/revisions"}],"predecessor-version":[{"id":19596,"href":"https:\/\/www.forum-soegel.de\/information\/wp-json\/wp\/v2\/posts\/19594\/revisions\/19596"}],"wp:attachment":[{"href":"https:\/\/www.forum-soegel.de\/information\/wp-json\/wp\/v2\/media?parent=19594"}],"wp:term":[{"taxonomy":"category","embeddable":true,"href":"https:\/\/www.forum-soegel.de\/information\/wp-json\/wp\/v2\/categories?post=19594"},{"taxonomy":"post_tag","embeddable":true,"href":"https:\/\/www.forum-soegel.de\/information\/wp-json\/wp\/v2\/tags?post=19594"}],"curies":[{"name":"wp","href":"https:\/\/api.w.org\/{rel}","templated":true}]}}