{"id":19591,"date":"2016-09-03T07:09:37","date_gmt":"2016-09-03T05:09:37","guid":{"rendered":"https:\/\/www.forum-soegel.de\/information\/?p=19591"},"modified":"2016-09-03T07:09:37","modified_gmt":"2016-09-03T05:09:37","slug":"seniorenkino-ein-voller-erfolg","status":"publish","type":"post","link":"https:\/\/www.forum-soegel.de\/information\/2016\/09\/seniorenkino-ein-voller-erfolg\/","title":{"rendered":"Seniorenkino ein voller Erfolg"},"content":{"rendered":"<div id=\"attachment_19592\" style=\"width: 310px\" class=\"wp-caption alignnone\"><a href=\"https:\/\/www.forum-soegel.de\/information\/wp-content\/uploads\/2016\/09\/Seniorenkino-ein-voller-Erfolg.jpg\"><img loading=\"lazy\" decoding=\"async\" aria-describedby=\"caption-attachment-19592\" class=\"size-medium wp-image-19592\" title=\"Seniorenkino ein voller Erfolg\" src=\"https:\/\/www.forum-soegel.de\/information\/wp-content\/uploads\/2016\/09\/Seniorenkino-ein-voller-Erfolg-300x225.jpg\" alt=\"\" width=\"300\" height=\"225\" srcset=\"https:\/\/www.forum-soegel.de\/information\/wp-content\/uploads\/2016\/09\/Seniorenkino-ein-voller-Erfolg-300x225.jpg 300w, https:\/\/www.forum-soegel.de\/information\/wp-content\/uploads\/2016\/09\/Seniorenkino-ein-voller-Erfolg.jpg 1024w\" sizes=\"auto, (max-width: 300px) 100vw, 300px\" \/><\/a><p id=\"caption-attachment-19592\" class=\"wp-caption-text\">S\u00f6gel - Im Heimathaus zeigte der Arbeitskreis Seniorennetzwerk der Gemeinde S\u00f6gel mit B\u00fcrgermeisterin Irmgard Welling, Hermann Grotjohann und Elisabeth Rakers den Film THE KING`s SPEECH. Die Filmbiographie des britischen K\u00f6nig GeorgVI fand sehr guten Anklang bei den zahlreichen Besuchern. Eine Wiederholung des Seniorenkinos ist zun\u00e4chst f\u00fcr jedes Jahr geplant. Text\/Foto: Gemeinde S\u00f6gel<\/p><\/div>\n","protected":false},"excerpt":{"rendered":"","protected":false},"author":2,"featured_media":0,"comment_status":"closed","ping_status":"closed","sticky":false,"template":"","format":"standard","meta":{"ngg_post_thumbnail":0,"footnotes":""},"categories":[3],"tags":[],"class_list":["post-19591","post","type-post","status-publish","format-standard","hentry","category-aktuelles-aus-der-region"],"_links":{"self":[{"href":"https:\/\/www.forum-soegel.de\/information\/wp-json\/wp\/v2\/posts\/19591","targetHints":{"allow":["GET"]}}],"collection":[{"href":"https:\/\/www.forum-soegel.de\/information\/wp-json\/wp\/v2\/posts"}],"about":[{"href":"https:\/\/www.forum-soegel.de\/information\/wp-json\/wp\/v2\/types\/post"}],"author":[{"embeddable":true,"href":"https:\/\/www.forum-soegel.de\/information\/wp-json\/wp\/v2\/users\/2"}],"replies":[{"embeddable":true,"href":"https:\/\/www.forum-soegel.de\/information\/wp-json\/wp\/v2\/comments?post=19591"}],"version-history":[{"count":1,"href":"https:\/\/www.forum-soegel.de\/information\/wp-json\/wp\/v2\/posts\/19591\/revisions"}],"predecessor-version":[{"id":19593,"href":"https:\/\/www.forum-soegel.de\/information\/wp-json\/wp\/v2\/posts\/19591\/revisions\/19593"}],"wp:attachment":[{"href":"https:\/\/www.forum-soegel.de\/information\/wp-json\/wp\/v2\/media?parent=19591"}],"wp:term":[{"taxonomy":"category","embeddable":true,"href":"https:\/\/www.forum-soegel.de\/information\/wp-json\/wp\/v2\/categories?post=19591"},{"taxonomy":"post_tag","embeddable":true,"href":"https:\/\/www.forum-soegel.de\/information\/wp-json\/wp\/v2\/tags?post=19591"}],"curies":[{"name":"wp","href":"https:\/\/api.w.org\/{rel}","templated":true}]}}