{"id":19588,"date":"2016-09-03T07:08:28","date_gmt":"2016-09-03T05:08:28","guid":{"rendered":"https:\/\/www.forum-soegel.de\/information\/?p=19588"},"modified":"2016-09-03T07:08:28","modified_gmt":"2016-09-03T05:08:28","slug":"reise-uber-den-bauernhof","status":"publish","type":"post","link":"https:\/\/www.forum-soegel.de\/information\/2016\/09\/reise-uber-den-bauernhof\/","title":{"rendered":"Reise \u00fcber den Bauernhof"},"content":{"rendered":"<p style=\"text-align: left;\" align=\"center\"><strong>Ferienpassaktion auf dem landwirtschaftlichen Betrieb Eilers in H\u00fcven<\/strong><\/p>\n<p>H\u00fcven &#8211; 25 Kinder erkundeten k\u00fcrzlich im Rahmen einer Ferienpassaktion den landwirtschaftlichen Betrieb der Familie Eilers in H\u00fcven. \u201eAls wir die Aktion angemeldet haben, h\u00e4tten wir nicht gedacht, dass die Resonanz so gro\u00df ist. Umso mehr haben wir uns gefreut\u201c, berichtet Marlene Eilers. \u201eUnser Ziel war es, den Kindern so viel wie m\u00f6glich im Bereich der Tierhaltung und beim Anbau auf den Feldern zu zeigen\u201c, so Eilers weiter.<\/p>\n<p>Zun\u00e4chst lernten die Kinder die H\u00e4hnchen und Schweine kennen. Dabei zeigten sich einige besonders \u00fcber den zur Verf\u00fcgung stehenden Platz \u00fcberrascht: \u201eDie sind ja gar nicht in K\u00e4figen eingesperrt und k\u00f6nnen sich frei bewegen!\u201c Auch Themen wie die Zusammensetzung des Futters, die F\u00fctterungs- und Trinktechnik sowie die Spielger\u00e4te f\u00fcr die Tiere im Stall wurden hinterfragt. Ein Teil der Schweine lebt im Strohstall. Dabei stellten die Kinder den Vorteil gegen\u00fcber der \u00fcblichen Haltung auf Betonfu\u00dfboden fest. Das t\u00e4gliche Nachstreuen, so das Res\u00fcmee der Kinder, sei aber mit viel Arbeit verbunden.<\/p>\n<p>Im Anschluss ging es weiter zu den Feldern. Wie viele K\u00f6rner sind in einer Weizen\u00e4hre? Wo bildet sich der Maiskolben? Warum sind die Kartoffeln mit Erde bedeckt? K\u00f6nnen wir in Zuckerr\u00fcben den Zucker sehen? Diese und viele weitere Fragen tauchten w\u00e4hrend des Rundganges auf. Durch z\u00e4hlen, ernten und \u00f6ffnen der Pflanzen wurden Antworten gefunden. Die geernteten Fr\u00fcchte durften\u00a0 zum eigenen Verzehr oder f\u00fcr die Haustiere mitgenommen werden. \u201eDie Aktion zeigt, dass das Interesse an Ackerbau und Tierhaltung sehr gro\u00df ist. Allerdings herrschen auch sehr viel Unwissen und falsche Vorstellungen. Hier m\u00fcssen wir als Landwirte am Ball bleiben und uns dem Verbraucher immer wieder \u00f6ffnen und mit ihm in Kontakt treten\u201c, zog Betriebsinhaber Martin Eilers ein zufriedenes Res\u00fcmee. Den Kindern bot er an, nach den Ferien mit ihrer Schulklasse wieder zu kommen.<\/p>\n<p>Ein herzlicher Dank gilt den Firmen Agron, Raiffeisen sowie Agrifirm f\u00fcr die zur Verf\u00fcgung gestellten Geschenke f\u00fcr die Kinder.<\/p>\n<p>Text\/Foto: Veronika Eilers<\/p>\n<div id=\"attachment_19589\" style=\"width: 310px\" class=\"wp-caption alignnone\"><a href=\"https:\/\/www.forum-soegel.de\/information\/wp-content\/uploads\/2016\/09\/Reise-\u00fcber-den-Bauernhof.jpg\"><img loading=\"lazy\" decoding=\"async\" aria-describedby=\"caption-attachment-19589\" class=\"size-medium wp-image-19589\" title=\"Reise \u00fcber den Bauernhof\" src=\"https:\/\/www.forum-soegel.de\/information\/wp-content\/uploads\/2016\/09\/Reise-\u00fcber-den-Bauernhof-300x176.jpg\" alt=\"\" width=\"300\" height=\"176\" srcset=\"https:\/\/www.forum-soegel.de\/information\/wp-content\/uploads\/2016\/09\/Reise-\u00fcber-den-Bauernhof-300x176.jpg 300w, https:\/\/www.forum-soegel.de\/information\/wp-content\/uploads\/2016\/09\/Reise-\u00fcber-den-Bauernhof.jpg 1024w\" sizes=\"auto, (max-width: 300px) 100vw, 300px\" \/><\/a><p id=\"caption-attachment-19589\" class=\"wp-caption-text\">Bestens zufrieden zeigten sich die Kinder nach der eigenen R\u00fcbenernte mit hinten v.l. Martin, Johannes und Mathias Eilers<\/p><\/div>\n<p>&nbsp;<\/p>\n","protected":false},"excerpt":{"rendered":"Ferienpassaktion auf dem landwirtschaftlichen Betrieb Eilers in H\u00fcven H\u00fcven &#8211; 25 Kinder erkundeten k\u00fcrzlich im Rahmen einer Ferienpassaktion den landwirtschaftlichen Betrieb der Familie Eilers in H\u00fcven. \u201eAls wir die Aktion angemeldet haben, h\u00e4tten wir nicht gedacht, dass die Resonanz so gro\u00df ist. Umso mehr haben wir uns gefreut\u201c, berichtet Marlene Eilers. \u201eUnser Ziel war es, [&hellip;]\n","protected":false},"author":2,"featured_media":0,"comment_status":"closed","ping_status":"closed","sticky":false,"template":"","format":"standard","meta":{"ngg_post_thumbnail":0,"footnotes":""},"categories":[3],"tags":[],"class_list":["post-19588","post","type-post","status-publish","format-standard","hentry","category-aktuelles-aus-der-region"],"_links":{"self":[{"href":"https:\/\/www.forum-soegel.de\/information\/wp-json\/wp\/v2\/posts\/19588","targetHints":{"allow":["GET"]}}],"collection":[{"href":"https:\/\/www.forum-soegel.de\/information\/wp-json\/wp\/v2\/posts"}],"about":[{"href":"https:\/\/www.forum-soegel.de\/information\/wp-json\/wp\/v2\/types\/post"}],"author":[{"embeddable":true,"href":"https:\/\/www.forum-soegel.de\/information\/wp-json\/wp\/v2\/users\/2"}],"replies":[{"embeddable":true,"href":"https:\/\/www.forum-soegel.de\/information\/wp-json\/wp\/v2\/comments?post=19588"}],"version-history":[{"count":1,"href":"https:\/\/www.forum-soegel.de\/information\/wp-json\/wp\/v2\/posts\/19588\/revisions"}],"predecessor-version":[{"id":19590,"href":"https:\/\/www.forum-soegel.de\/information\/wp-json\/wp\/v2\/posts\/19588\/revisions\/19590"}],"wp:attachment":[{"href":"https:\/\/www.forum-soegel.de\/information\/wp-json\/wp\/v2\/media?parent=19588"}],"wp:term":[{"taxonomy":"category","embeddable":true,"href":"https:\/\/www.forum-soegel.de\/information\/wp-json\/wp\/v2\/categories?post=19588"},{"taxonomy":"post_tag","embeddable":true,"href":"https:\/\/www.forum-soegel.de\/information\/wp-json\/wp\/v2\/tags?post=19588"}],"curies":[{"name":"wp","href":"https:\/\/api.w.org\/{rel}","templated":true}]}}