{"id":19585,"date":"2016-09-03T07:06:42","date_gmt":"2016-09-03T05:06:42","guid":{"rendered":"https:\/\/www.forum-soegel.de\/information\/?p=19585"},"modified":"2016-09-03T07:06:42","modified_gmt":"2016-09-03T05:06:42","slug":"nach-dem-volksfest-streetart-erfolgreiche-%e2%80%9efollow-up-woche%e2%80%9c","status":"publish","type":"post","link":"https:\/\/www.forum-soegel.de\/information\/2016\/09\/nach-dem-volksfest-streetart-erfolgreiche-%e2%80%9efollow-up-woche%e2%80%9c\/","title":{"rendered":"Nach dem Volksfest Streetart erfolgreiche \u201eFollow-up-Woche\u201c"},"content":{"rendered":"<p style=\"text-align: left;\" align=\"center\"><strong>Neue Kunstwerke bereichern Ortsbilder von S\u00f6gel und Klein Ber\u00dfen<\/strong><\/p>\n<p>S\u00f6gel &#8211; Im Anschluss an das Stra\u00dfenmalerfestival in S\u00f6gel begann die sogenannte \u201eFollow-up-Woche\u201c. Ein Gro\u00dfteil der K\u00fcnstler verweilte noch in S\u00f6gel, um Kunstwerke an verschiedenen Geb\u00e4uden anzubringen. Profitieren konnten in diesem Jahr ganz besonders davon der Marstall Clemenswerth, die Gemeinde Klein Ber\u00dfen und der Sportverein Sigiltra S\u00f6gel. Ebenso wurden zwei Stromk\u00e4sten in der Ortsmitte von S\u00f6gel mit Malereien verziert.<\/p>\n<p>\u201eWir profitieren beide davon\u201c, sind sich Frederieke Wouters, Festivalleitung, und Ingrid Cloppenburg, Veranstaltungsleitung von der Gemeinde S\u00f6gel, einig. Von S\u00f6gel aus sind die Maler am folgenden Wochenende weitergefahren nach Wilhelmshaven, wo das n\u00e4chste Stra\u00dfenmalerevent auf sie wartete. Die Woche \u00fcber konnten sie in der Jugendbildungsst\u00e4tte Clemenswerth verweilen, in der sie gleich mehrere Gro\u00dfprojekte verwirklichten. Der Eingangsbereich wurde neu gestaltet, ebenso wie ein Flur in einer Waldlandschaft verwandelt wurde. Ein weiteres Bild zeigte auf, wie gegens\u00e4tzlich die Jugend mit ihrer Freizeit umgeht \u2013 auf der einen Seite einen Pok\u00e9mon-Go-Spieler, auf der anderen Seite ein jugendlicher Fl\u00fcchtling. In der Gemeinde Klein Ber\u00dfen wurde ein Stromkasten mit einem Drachen verziert, der sich da drin scheinbar eingenistet hat. Das Sportlerheim des SV Sigiltra S\u00f6gel erhielt derweil zwei gemalte Holzpuppen auf dem Fensterrahmen liegend, die sich einen Fu\u00dfball zu spielen. Zwei zuvor unansehnliche Stromk\u00e4sten in der Ortsmitte wurden mit Graffiti-Muster bespr\u00fcht.<\/p>\n<p>Gemeindedirektor G\u00fcnter Wigbers bezeichnet den Synergienutzen des Streetartfestivals als Gewinn f\u00fcr die Gemeinde S\u00f6gel an. \u201eDie Stra\u00dfenbilder verschwinden nach kurzer Zeit aus unserer Dorfmitte. Schon allein aus praktischen Gr\u00fcnden m\u00fcssen wir die Bilder rechtzeitig abwaschen, bevor sie sich in das Pflaster einbrennen. Mit den Projekten in der Folgewoche schaffen wir aber bleibende Werte. Unsere Gemeinde wird dadurch bunter und so nach und nach werden wir im Laufe der Jahre immer neue Blickreize schaffen k\u00f6nnen.\u201c Einen besonderen Dank richtete er indes an die Sponsoren des Streetartfestivals. \u201eErst durch die immense Unterst\u00fctzung unserer Wirtschaftsleute k\u00f6nnen wir \u00fcberhaupt solch ein Festival finanziell stemmen.\u201c Den Kulinarischen Markt mit einem Streetartfestival zu kombinieren, sei eine sinnvolle Entscheidung gewesen. \u201eDas alles hat sich zu einem regelrechten Volksfest entwickelt und zieht besonders viele G\u00e4ste von ausw\u00e4rts an. Die Gastronomie aus der Samtgemeinde S\u00f6gel habe sich von seiner besten Seite gezeigt, die Spezialit\u00e4ten fanden rei\u00dfenden Absatz, sodass der Markt schon vor dem geplanten Ende um 20 Uhr schlie\u00dfen musste. \u201eAusverkauft!\u201c Auf diesen Erfolg will die Gemeinde S\u00f6gel in den n\u00e4chsten Jahren aufbauen. Der neue Marktplatz soll dabei noch mehr in den Mittelpunkt gestellt werden. Mit dem neuen Gemeinderat solle \u00fcberlegt werden, mit noch mehr Malern und Stra\u00dfenk\u00fcnstlern das Streetartfestival weiter auszubauen.<\/p>\n<p>Text\/Foto: Gemeinde S\u00f6gel<\/p>\n<div id=\"attachment_19586\" style=\"width: 179px\" class=\"wp-caption alignnone\"><a href=\"https:\/\/www.forum-soegel.de\/information\/wp-content\/uploads\/2016\/09\/Nach-dem-Volksfest-Streetart-erfolgreiche-\u201eFollow-up-Woche\u201c.jpg\"><img loading=\"lazy\" decoding=\"async\" aria-describedby=\"caption-attachment-19586\" class=\"size-medium wp-image-19586\" title=\"Nach dem Volksfest Streetart erfolgreiche \u201eFollow-up-Woche\u201c\" src=\"https:\/\/www.forum-soegel.de\/information\/wp-content\/uploads\/2016\/09\/Nach-dem-Volksfest-Streetart-erfolgreiche-\u201eFollow-up-Woche\u201c-169x300.jpg\" alt=\"\" width=\"169\" height=\"300\" srcset=\"https:\/\/www.forum-soegel.de\/information\/wp-content\/uploads\/2016\/09\/Nach-dem-Volksfest-Streetart-erfolgreiche-\u201eFollow-up-Woche\u201c-169x300.jpg 169w, https:\/\/www.forum-soegel.de\/information\/wp-content\/uploads\/2016\/09\/Nach-dem-Volksfest-Streetart-erfolgreiche-\u201eFollow-up-Woche\u201c.jpg 434w\" sizes=\"auto, (max-width: 169px) 100vw, 169px\" \/><\/a><p id=\"caption-attachment-19586\" class=\"wp-caption-text\">Der K\u00fcnstler Ruben Poncia ruht sich auf seinem gemalten Werk aus. Er hat ein Drachenmotiv auf einen Stromkasten in Klein Ber\u00dfen verewigt.<\/p><\/div>\n<p>&nbsp;<\/p>\n","protected":false},"excerpt":{"rendered":"Neue Kunstwerke bereichern Ortsbilder von S\u00f6gel und Klein Ber\u00dfen S\u00f6gel &#8211; Im Anschluss an das Stra\u00dfenmalerfestival in S\u00f6gel begann die sogenannte \u201eFollow-up-Woche\u201c. Ein Gro\u00dfteil der K\u00fcnstler verweilte noch in S\u00f6gel, um Kunstwerke an verschiedenen Geb\u00e4uden anzubringen. Profitieren konnten in diesem Jahr ganz besonders davon der Marstall Clemenswerth, die Gemeinde Klein Ber\u00dfen und der Sportverein Sigiltra [&hellip;]\n","protected":false},"author":2,"featured_media":0,"comment_status":"closed","ping_status":"closed","sticky":false,"template":"","format":"standard","meta":{"ngg_post_thumbnail":0,"footnotes":""},"categories":[3],"tags":[],"class_list":["post-19585","post","type-post","status-publish","format-standard","hentry","category-aktuelles-aus-der-region"],"_links":{"self":[{"href":"https:\/\/www.forum-soegel.de\/information\/wp-json\/wp\/v2\/posts\/19585","targetHints":{"allow":["GET"]}}],"collection":[{"href":"https:\/\/www.forum-soegel.de\/information\/wp-json\/wp\/v2\/posts"}],"about":[{"href":"https:\/\/www.forum-soegel.de\/information\/wp-json\/wp\/v2\/types\/post"}],"author":[{"embeddable":true,"href":"https:\/\/www.forum-soegel.de\/information\/wp-json\/wp\/v2\/users\/2"}],"replies":[{"embeddable":true,"href":"https:\/\/www.forum-soegel.de\/information\/wp-json\/wp\/v2\/comments?post=19585"}],"version-history":[{"count":1,"href":"https:\/\/www.forum-soegel.de\/information\/wp-json\/wp\/v2\/posts\/19585\/revisions"}],"predecessor-version":[{"id":19587,"href":"https:\/\/www.forum-soegel.de\/information\/wp-json\/wp\/v2\/posts\/19585\/revisions\/19587"}],"wp:attachment":[{"href":"https:\/\/www.forum-soegel.de\/information\/wp-json\/wp\/v2\/media?parent=19585"}],"wp:term":[{"taxonomy":"category","embeddable":true,"href":"https:\/\/www.forum-soegel.de\/information\/wp-json\/wp\/v2\/categories?post=19585"},{"taxonomy":"post_tag","embeddable":true,"href":"https:\/\/www.forum-soegel.de\/information\/wp-json\/wp\/v2\/tags?post=19585"}],"curies":[{"name":"wp","href":"https:\/\/api.w.org\/{rel}","templated":true}]}}