{"id":19580,"date":"2016-09-03T07:04:40","date_gmt":"2016-09-03T05:04:40","guid":{"rendered":"https:\/\/www.forum-soegel.de\/information\/?p=19580"},"modified":"2016-09-03T07:04:40","modified_gmt":"2016-09-03T05:04:40","slug":"musik-musik-und-nicht-nur-musik","status":"publish","type":"post","link":"https:\/\/www.forum-soegel.de\/information\/2016\/09\/musik-musik-und-nicht-nur-musik\/","title":{"rendered":"Musik, Musik und -nicht- nur Musik"},"content":{"rendered":"<p align=\"left\">S\u00f6gel &#8211; Das Sch\u00fctzenfest in S\u00f6gel war f\u00fcr die Bewohnerinnen und Bewohner des Haus Simeon in diesem Jahr ein besonderes Ereignis.<\/p>\n<p align=\"left\">So trat die Kolpingkapelle am Sonntag bereits um 10.00 Uhr auf dem Gartenvorplatz auf.<\/p>\n<p align=\"left\">Das Wetter lie\u00df es zu, dass sich ganz viele Senioren drau\u00dfen eingefunden haben. Mit sehr herzlichen Worten begr\u00fc\u00dfte Dirigent Hans Hanekamp die Anwesenden und hob hervor, dass dieser fr\u00fche Start vor dem Seniorenzentrum zuk\u00fcnftig in eine Tradition \u00fcbergehen soll.<\/p>\n<p align=\"left\">Ebenso neu war die Standortwahl f\u00fcr die Beifallsbekundungen der Bewohner gegen\u00fcber den Umzugsteilnehmern am Nachmittag. Auch hier gab es einen besonderen Tusch seitens der Kolpingkapelle.<\/p>\n<p align=\"left\">Anschlie\u00dfend ging es mit den Fahrzeugen der Malteser auf den Sch\u00fctzenplatz.<\/p>\n<p align=\"left\">Bei Kaffee und Kuchen &#8211; und wer konnte, noch ein kleines Bierchen &#8211; erlebten die Senioren bei viel Musik die Ehrungen der alten und neuen Sch\u00fctzenk\u00f6nige.<\/p>\n<p align=\"left\">Ein drittes Mal lie\u00df es sich Hans Hanekamp nicht nehmen den Haus Simeon G\u00e4sten kurz vor der Heimfahrt ein Abschiedsst\u00e4ndchen zu pr\u00e4sentieren. Am Schluss zollten die Bewohner ihrer Petra Kr\u00f6ger, Pflegerin im Haus Simeon und Mit-Musikantin (Trompete) in der Kolpingkapelle einen besonderen Dank.<\/p>\n<p align=\"left\">Sie war an diesem Nachmittag in beiderseitigem Einsatz.<\/p>\n<p align=\"left\">Text\/Foto: Klaus Sch\u00e4ffner<\/p>\n<p align=\"left\"><a href=\"https:\/\/www.forum-soegel.de\/information\/wp-content\/uploads\/2016\/09\/Musik-Musik-und-nicht-nur-Musik1.jpg\"><img loading=\"lazy\" decoding=\"async\" class=\"alignnone size-thumbnail wp-image-19581\" title=\"Musik, Musik und -nicht- nur Musik1\" src=\"https:\/\/www.forum-soegel.de\/information\/wp-content\/uploads\/2016\/09\/Musik-Musik-und-nicht-nur-Musik1-150x150.jpg\" alt=\"\" width=\"150\" height=\"150\" \/><\/a>\u00a0\u00a0<a href=\"https:\/\/www.forum-soegel.de\/information\/wp-content\/uploads\/2016\/09\/Musik-Musik-und-nicht-nur-Musik2.jpg\"><img loading=\"lazy\" decoding=\"async\" class=\"alignnone size-thumbnail wp-image-19582\" title=\"Musik, Musik und -nicht- nur Musik2\" src=\"https:\/\/www.forum-soegel.de\/information\/wp-content\/uploads\/2016\/09\/Musik-Musik-und-nicht-nur-Musik2-150x150.jpg\" alt=\"\" width=\"150\" height=\"150\" \/><\/a>\u00a0\u00a0<a href=\"https:\/\/www.forum-soegel.de\/information\/wp-content\/uploads\/2016\/09\/Musik-Musik-und-nicht-nur-Musik3.jpg\"><img loading=\"lazy\" decoding=\"async\" class=\"alignnone size-thumbnail wp-image-19583\" title=\"Musik, Musik und -nicht- nur Musik3\" src=\"https:\/\/www.forum-soegel.de\/information\/wp-content\/uploads\/2016\/09\/Musik-Musik-und-nicht-nur-Musik3-150x150.jpg\" alt=\"\" width=\"150\" height=\"150\" \/><\/a><\/p>\n","protected":false},"excerpt":{"rendered":"S\u00f6gel &#8211; Das Sch\u00fctzenfest in S\u00f6gel war f\u00fcr die Bewohnerinnen und Bewohner des Haus Simeon in diesem Jahr ein besonderes Ereignis. So trat die Kolpingkapelle am Sonntag bereits um 10.00 Uhr auf dem Gartenvorplatz auf. Das Wetter lie\u00df es zu, dass sich ganz viele Senioren drau\u00dfen eingefunden haben. Mit sehr herzlichen Worten begr\u00fc\u00dfte Dirigent Hans [&hellip;]\n","protected":false},"author":2,"featured_media":0,"comment_status":"closed","ping_status":"closed","sticky":false,"template":"","format":"standard","meta":{"ngg_post_thumbnail":0,"footnotes":""},"categories":[3],"tags":[],"class_list":["post-19580","post","type-post","status-publish","format-standard","hentry","category-aktuelles-aus-der-region"],"_links":{"self":[{"href":"https:\/\/www.forum-soegel.de\/information\/wp-json\/wp\/v2\/posts\/19580","targetHints":{"allow":["GET"]}}],"collection":[{"href":"https:\/\/www.forum-soegel.de\/information\/wp-json\/wp\/v2\/posts"}],"about":[{"href":"https:\/\/www.forum-soegel.de\/information\/wp-json\/wp\/v2\/types\/post"}],"author":[{"embeddable":true,"href":"https:\/\/www.forum-soegel.de\/information\/wp-json\/wp\/v2\/users\/2"}],"replies":[{"embeddable":true,"href":"https:\/\/www.forum-soegel.de\/information\/wp-json\/wp\/v2\/comments?post=19580"}],"version-history":[{"count":1,"href":"https:\/\/www.forum-soegel.de\/information\/wp-json\/wp\/v2\/posts\/19580\/revisions"}],"predecessor-version":[{"id":19584,"href":"https:\/\/www.forum-soegel.de\/information\/wp-json\/wp\/v2\/posts\/19580\/revisions\/19584"}],"wp:attachment":[{"href":"https:\/\/www.forum-soegel.de\/information\/wp-json\/wp\/v2\/media?parent=19580"}],"wp:term":[{"taxonomy":"category","embeddable":true,"href":"https:\/\/www.forum-soegel.de\/information\/wp-json\/wp\/v2\/categories?post=19580"},{"taxonomy":"post_tag","embeddable":true,"href":"https:\/\/www.forum-soegel.de\/information\/wp-json\/wp\/v2\/tags?post=19580"}],"curies":[{"name":"wp","href":"https:\/\/api.w.org\/{rel}","templated":true}]}}