{"id":19577,"date":"2016-09-03T07:03:11","date_gmt":"2016-09-03T05:03:11","guid":{"rendered":"https:\/\/www.forum-soegel.de\/information\/?p=19577"},"modified":"2016-09-03T07:03:11","modified_gmt":"2016-09-03T05:03:11","slug":"kulinarischer-markt-restaurants-versorgen-sogeler-mit-kostlichkeiten","status":"publish","type":"post","link":"https:\/\/www.forum-soegel.de\/information\/2016\/09\/kulinarischer-markt-restaurants-versorgen-sogeler-mit-kostlichkeiten\/","title":{"rendered":"Kulinarischer Markt: Restaurants versorgen S\u00f6geler mit K\u00f6stlichkeiten"},"content":{"rendered":"<p>S\u00f6gel &#8211; Mit lokalen und internationalen K\u00f6stlichkeiten haben sich auf dem Kulinarischen Markt in S\u00f6gel acht Restaurants pr\u00e4sentiert. Auf dem Marktplatz konnten die G\u00e4ste die angebotenen Produkte probieren.<\/p>\n<p>Neben klassisch deutschen Gerichten, lockten die Veranstalter auch mit internationalen Gerichten, beispielsweise aus Japan.<\/p>\n<p>Beim Kulinarischen Markt wurde f\u00fcr alle Sinne etwas geboten, denn die G\u00e4ste bekamen auch etwas zu sehen. So profitierten die Veranstalter auch vom angrenzenden Stra\u00dfenmalfestival, bei dem internationale K\u00fcnstler imposante zwei- und dreidimensionale Werke auf die Stra\u00dfe malten. Dar\u00fcber hinaus gab es auch noch Genuss f\u00fcr die Ohren. Die Band \u201eBoomtown Shakedown\u201c aus M\u00fcnster sorgte mit ihrem Reggae-Ska-Rock f\u00fcr eine angenehme Atmosph\u00e4re.<\/p>\n<p>F\u00fcr die kleineren Besucher wurden Kinderschminken und ein Stra\u00dfenzirkus organisiert. Darwin Pimentel aus Venezuela brachte dabei nicht nur die Kinder mit seiner tollpatschigen Art zum Lachen, sondern auch deren Eltern.<\/p>\n<p>Text: EZ, Foto: Ingrid Cloppenburg, Gemeinde S\u00f6gel<\/p>\n<p><a href=\"https:\/\/www.forum-soegel.de\/information\/wp-content\/uploads\/2016\/09\/Kulinarischer-Markt-Restaurants-versorgen-S\u00f6geler-mit-K\u00f6stlichkeiten.jpg\"><img loading=\"lazy\" decoding=\"async\" class=\"alignnone size-medium wp-image-19578\" title=\"Kulinarischer Markt Restaurants versorgen S\u00f6geler mit K\u00f6stlichkeiten\" src=\"https:\/\/www.forum-soegel.de\/information\/wp-content\/uploads\/2016\/09\/Kulinarischer-Markt-Restaurants-versorgen-S\u00f6geler-mit-K\u00f6stlichkeiten-300x225.jpg\" alt=\"\" width=\"300\" height=\"225\" srcset=\"https:\/\/www.forum-soegel.de\/information\/wp-content\/uploads\/2016\/09\/Kulinarischer-Markt-Restaurants-versorgen-S\u00f6geler-mit-K\u00f6stlichkeiten-300x225.jpg 300w, https:\/\/www.forum-soegel.de\/information\/wp-content\/uploads\/2016\/09\/Kulinarischer-Markt-Restaurants-versorgen-S\u00f6geler-mit-K\u00f6stlichkeiten.jpg 1024w\" sizes=\"auto, (max-width: 300px) 100vw, 300px\" \/><\/a><\/p>\n<p>&nbsp;<\/p>\n","protected":false},"excerpt":{"rendered":"S\u00f6gel &#8211; Mit lokalen und internationalen K\u00f6stlichkeiten haben sich auf dem Kulinarischen Markt in S\u00f6gel acht Restaurants pr\u00e4sentiert. Auf dem Marktplatz konnten die G\u00e4ste die angebotenen Produkte probieren. Neben klassisch deutschen Gerichten, lockten die Veranstalter auch mit internationalen Gerichten, beispielsweise aus Japan. Beim Kulinarischen Markt wurde f\u00fcr alle Sinne etwas geboten, denn die G\u00e4ste bekamen [&hellip;]\n","protected":false},"author":2,"featured_media":0,"comment_status":"closed","ping_status":"closed","sticky":false,"template":"","format":"standard","meta":{"ngg_post_thumbnail":0,"footnotes":""},"categories":[3],"tags":[],"class_list":["post-19577","post","type-post","status-publish","format-standard","hentry","category-aktuelles-aus-der-region"],"_links":{"self":[{"href":"https:\/\/www.forum-soegel.de\/information\/wp-json\/wp\/v2\/posts\/19577","targetHints":{"allow":["GET"]}}],"collection":[{"href":"https:\/\/www.forum-soegel.de\/information\/wp-json\/wp\/v2\/posts"}],"about":[{"href":"https:\/\/www.forum-soegel.de\/information\/wp-json\/wp\/v2\/types\/post"}],"author":[{"embeddable":true,"href":"https:\/\/www.forum-soegel.de\/information\/wp-json\/wp\/v2\/users\/2"}],"replies":[{"embeddable":true,"href":"https:\/\/www.forum-soegel.de\/information\/wp-json\/wp\/v2\/comments?post=19577"}],"version-history":[{"count":1,"href":"https:\/\/www.forum-soegel.de\/information\/wp-json\/wp\/v2\/posts\/19577\/revisions"}],"predecessor-version":[{"id":19579,"href":"https:\/\/www.forum-soegel.de\/information\/wp-json\/wp\/v2\/posts\/19577\/revisions\/19579"}],"wp:attachment":[{"href":"https:\/\/www.forum-soegel.de\/information\/wp-json\/wp\/v2\/media?parent=19577"}],"wp:term":[{"taxonomy":"category","embeddable":true,"href":"https:\/\/www.forum-soegel.de\/information\/wp-json\/wp\/v2\/categories?post=19577"},{"taxonomy":"post_tag","embeddable":true,"href":"https:\/\/www.forum-soegel.de\/information\/wp-json\/wp\/v2\/tags?post=19577"}],"curies":[{"name":"wp","href":"https:\/\/api.w.org\/{rel}","templated":true}]}}