{"id":19574,"date":"2016-09-03T07:02:08","date_gmt":"2016-09-03T05:02:08","guid":{"rendered":"https:\/\/www.forum-soegel.de\/information\/?p=19574"},"modified":"2016-09-03T07:02:08","modified_gmt":"2016-09-03T05:02:08","slug":"jugendkulturforderpreis-des-rotary-clubs-geht-an-das-st-sebastianus-orchester-werlte","status":"publish","type":"post","link":"https:\/\/www.forum-soegel.de\/information\/2016\/09\/jugendkulturforderpreis-des-rotary-clubs-geht-an-das-st-sebastianus-orchester-werlte\/","title":{"rendered":"Jugendkulturf\u00f6rderpreis des Rotary Clubs geht an das St. Sebastianus Orchester Werlte"},"content":{"rendered":"<p>S\u00f6gel &#8211; Der Rotary Club H\u00fcmmling zu S\u00f6gel vergibt den diesj\u00e4hrigen Jugendkulturf\u00f6rderpreis in H\u00f6he von 1000 Euro an das St. Sebastianus Orchester in Werlte. \u201eEs ist schon eine besondere Leistung, wenn man sich das ehrenamtliche Engagement des Orchesters sich vor Augen f\u00fchrt\u201c begr\u00fcndet Anno Immenga vom Rotary Club H\u00fcmmling zu S\u00f6gel, die Entscheidung, die Werlter Kapelle mit dem Jugendkulturf\u00f6rderpreis auszuzeichnen. In den Vergangenen fast 40 Jahren h\u00e4tten viele junge Menschen durch das Orchester zur Musik gefunden, so Immenga weiter.<\/p>\n<p>Seit 1977 besteht das St. Sebastianus Orchsester, das aus der Verbindung mit der Sch\u00fctzenbruderschaft Werlte e.V. heraus entstanden ist. Von Anfang an waren viele junge Menschen dabei, die noch nie ein Instrument gespielt hatten. Mit Hilfe der Musikschule Emsland konnte das Orchester aufgebaut und in der H\u00fcmmlinggemeinde und dar\u00fcber hinaus etabliert werden.<\/p>\n<p>Die Kapelle entwickelte sich im Laufe der Zeit zu einer vielseitigen Blaskapelle mit zurzeit \u00fcber 50 aktiven Musikern. Das Repertoire umfasst heute je nach Anlass klassische Kirchenmusik; St\u00fccke aus dem Barock, konzertante Blasmusik; Sch\u00fctzenfestmusik und nat\u00fcrlich die typische Blasmusik.<\/p>\n<p>Bei ca. 30 \u00f6ffentlichen Auftritten und ca. 40 \u00dcbungsabenden im Jahr wird den Musikern ein gro\u00dfes Engagement abverlangt. Ein immer wieder kehrendes, j\u00e4hrliches Highlight ist nat\u00fcrlich das Sch\u00fctzenfest in Werlte. Aber auch in anderen Orten ist das Orchester aktiv. Ein besonderer H\u00f6hepunkt wird in diesem Jahr das Bundessch\u00fctzenfest in Werlte Anfang September darstellen. Das St. Sebastianus-Orchester hat ein breites Mitgliederspektrum: Von 7 bis 80 Jahren sind alle Altersklassen vertreten.<\/p>\n<p>Dieses ehrenamtliche Engagement unterst\u00fctzt der Rotary Club H\u00fcmmling zu S\u00f6gel mit seinem Jugendkulturf\u00f6rderpreis. \u201eDer Club m\u00f6chte das Orchester mit der Preis\u00fcbergabe unterst\u00fctzen, damit die erfolgreiche musikp\u00e4dagogische und integrierende Arbeit auch weiter geleistet werden kann\u201c, erkl\u00e4rt Anno Immenga das Engagement der Rotary Clubs H\u00fcmmling zu S\u00f6gel.<\/p>\n<p>Der Jugendkulturf\u00f6rderpreis des Rotary Club H\u00fcmmling zu S\u00f6gel ist mit 1.000,- Euro dotiert. Preistr\u00e4ger in der Vergangenheit waren unter anderem der Jugendkirchenchor St. Jakobus in S\u00f6gel, die Theater-AG des H\u00fcmmling-Gymnasiums, der Jugendchor der Gemeinde Surwold, die Band \u201eChurchland\u201c, die Waldb\u00fchne Ahmsen, die Kolpingkapelle S\u00f6gel und viele mehr.<\/p>\n<p>Text: Rotary Club H\u00fcmmling zu S\u00f6gel \/ Foto: Klaus Dr\u00f6ge<\/p>\n<p><a href=\"https:\/\/www.forum-soegel.de\/information\/wp-content\/uploads\/2016\/09\/Jugendkulturf\u00f6rderpreis-des-Rotary-Clubs-geht-an-das-St.-Sebastianus-Orchester-Werlte.jpg\"><img loading=\"lazy\" decoding=\"async\" class=\"alignnone size-medium wp-image-19575\" title=\"Jugendkulturf\u00f6rderpreis des Rotary Clubs geht an das St. Sebastianus Orchester Werlte\" src=\"https:\/\/www.forum-soegel.de\/information\/wp-content\/uploads\/2016\/09\/Jugendkulturf\u00f6rderpreis-des-Rotary-Clubs-geht-an-das-St.-Sebastianus-Orchester-Werlte-300x199.jpg\" alt=\"\" width=\"300\" height=\"199\" srcset=\"https:\/\/www.forum-soegel.de\/information\/wp-content\/uploads\/2016\/09\/Jugendkulturf\u00f6rderpreis-des-Rotary-Clubs-geht-an-das-St.-Sebastianus-Orchester-Werlte-300x199.jpg 300w, https:\/\/www.forum-soegel.de\/information\/wp-content\/uploads\/2016\/09\/Jugendkulturf\u00f6rderpreis-des-Rotary-Clubs-geht-an-das-St.-Sebastianus-Orchester-Werlte.jpg 1024w\" sizes=\"auto, (max-width: 300px) 100vw, 300px\" \/><\/a><\/p>\n","protected":false},"excerpt":{"rendered":"S\u00f6gel &#8211; Der Rotary Club H\u00fcmmling zu S\u00f6gel vergibt den diesj\u00e4hrigen Jugendkulturf\u00f6rderpreis in H\u00f6he von 1000 Euro an das St. Sebastianus Orchester in Werlte. \u201eEs ist schon eine besondere Leistung, wenn man sich das ehrenamtliche Engagement des Orchesters sich vor Augen f\u00fchrt\u201c begr\u00fcndet Anno Immenga vom Rotary Club H\u00fcmmling zu S\u00f6gel, die Entscheidung, die Werlter [&hellip;]\n","protected":false},"author":2,"featured_media":0,"comment_status":"closed","ping_status":"closed","sticky":false,"template":"","format":"standard","meta":{"ngg_post_thumbnail":0,"footnotes":""},"categories":[3],"tags":[],"class_list":["post-19574","post","type-post","status-publish","format-standard","hentry","category-aktuelles-aus-der-region"],"_links":{"self":[{"href":"https:\/\/www.forum-soegel.de\/information\/wp-json\/wp\/v2\/posts\/19574","targetHints":{"allow":["GET"]}}],"collection":[{"href":"https:\/\/www.forum-soegel.de\/information\/wp-json\/wp\/v2\/posts"}],"about":[{"href":"https:\/\/www.forum-soegel.de\/information\/wp-json\/wp\/v2\/types\/post"}],"author":[{"embeddable":true,"href":"https:\/\/www.forum-soegel.de\/information\/wp-json\/wp\/v2\/users\/2"}],"replies":[{"embeddable":true,"href":"https:\/\/www.forum-soegel.de\/information\/wp-json\/wp\/v2\/comments?post=19574"}],"version-history":[{"count":1,"href":"https:\/\/www.forum-soegel.de\/information\/wp-json\/wp\/v2\/posts\/19574\/revisions"}],"predecessor-version":[{"id":19576,"href":"https:\/\/www.forum-soegel.de\/information\/wp-json\/wp\/v2\/posts\/19574\/revisions\/19576"}],"wp:attachment":[{"href":"https:\/\/www.forum-soegel.de\/information\/wp-json\/wp\/v2\/media?parent=19574"}],"wp:term":[{"taxonomy":"category","embeddable":true,"href":"https:\/\/www.forum-soegel.de\/information\/wp-json\/wp\/v2\/categories?post=19574"},{"taxonomy":"post_tag","embeddable":true,"href":"https:\/\/www.forum-soegel.de\/information\/wp-json\/wp\/v2\/tags?post=19574"}],"curies":[{"name":"wp","href":"https:\/\/api.w.org\/{rel}","templated":true}]}}