{"id":19570,"date":"2016-09-03T07:00:49","date_gmt":"2016-09-03T05:00:49","guid":{"rendered":"https:\/\/www.forum-soegel.de\/information\/?p=19570"},"modified":"2016-09-03T07:00:49","modified_gmt":"2016-09-03T05:00:49","slug":"eine-harmonische-gemeinschaft","status":"publish","type":"post","link":"https:\/\/www.forum-soegel.de\/information\/2016\/09\/eine-harmonische-gemeinschaft\/","title":{"rendered":"Eine Harmonische Gemeinschaft"},"content":{"rendered":"<p style=\"text-align: left;\" align=\"center\"><strong>Mitgliederversammlung Seniorenzentrum im l\u00e4ndlichen Raum e.V.<\/strong><\/p>\n<p style=\"text-align: left;\" align=\"center\"><strong><\/strong>S\u00f6gel &#8211; Der Vorsitzende Bernhard Brachem er\u00f6ffnet die Versammlung, die im Gemeindezentrum St. Jakobus stattfand.<\/p>\n<p>Er begr\u00fc\u00dfte neben den Vereinsmitgliedern namentlich besonders Fr. Knoll vom Serviceb\u00fcro des Landkreis Emsland, den Vorstand der Ev. Markusgemeinde Jochen Heeren, den 1. Samtgemeinderat Hans Nowak, Wilhelm Meyer als Vermieter des Betreuungszentrums sowie Hermann Grotjohann von der Freiwilligenagentur.<\/p>\n<p>Bevor Bernhard Brachem ausf\u00fchrlich \u00fcber die Arbeit der Haupt- und ehrenamtlichen Mitarbeiter, sowie \u00fcber die vielf\u00e4ltigen Angebote der Einrichtung referierte, informierte er die Anwesenden \u00fcber einige statische Details.<\/p>\n<p>So befinden sich derzeit\u00a0 22 Damen und 5 Herren mit einem Durchschnittsalter von 77,5 Jahren in der Wohnsiedlung. der \u00e4lteste Bewohner ist 90 Jahre alt, der j\u00fcngste Bewohner 61. Es werden 22 Einzelpersonen und 2 Ehepaare betreut. 13 Personen haben die Pflegestufe I.<\/p>\n<p>Brachem lobte die gute Atmosph\u00e4re in der Wohnsiedlung und merkte an \u201ewir sind eine Harmonische Gemeinschaft\u201c<\/p>\n<p>Das vielf\u00e4ltige Angebot, welches von den Bewohnerinnen und Bewohnern gut angenommen wird, reicht von Fr\u00fchst\u00fccktreffs \u00fcber Chorproben und Spielen-Nachmittagen bis zu Tagesausfl\u00fcgen und Seniorenreisen.<\/p>\n<p>So war die Seniorenreise in den Spreewald ein voller Erfolg. Es gab so viel Anmeldungen, dass sogar eine Warteliste er\u00f6ffnet werden musste. Die n\u00e4chste Fahrt im Jahr 2017 ist schon in Planung. Brachem dankte in diesem Zusammenhang den Mitarbeiterinnen Marita B\u00fcter und Petra Nortmann, die zum Ende der Veranstaltung noch einmal ausf\u00fchrlich dar\u00fcber berichteten.<\/p>\n<p>Hans Nowak \u00fcberbrachte die Gr\u00fc\u00dfe der Samtgemeinde<\/p>\n<p>Er war voll des Lobes \u00fcber die geleistete Arbeit im Seniorenzentrum. Er schilderte die gro\u00dfe Bereitschaft S\u00f6geler B\u00fcrger und B\u00fcrgerinnen, sich in den unterschiedlichsten Feldern ehrenamtlich zu bet\u00e4tigen. Dabei verwies er ausdr\u00fccklich auf die Fl\u00fcchtlingsproblematik. Wie stabil die Lage allerdings ist, ist nach den Eindr\u00fccken des Putschversuchs in der T\u00fcrkei schwer vorher\u00a0 zu sagen. Hans Nowak erw\u00e4hnt neben der ehrenamtlichen Arbeit auch die T\u00e4tigkeit des Fl\u00fcchtlingsbeauftragten der Samtgemeinde, Johannes Brachem und bedauert sehr, dass dessen Amtszeit auf Grund der Aufnahme eines Masterstudiums auslaufe. Hans Nowak schlie\u00dft sein Gru\u00dfwort mit den besten W\u00fcnschen f\u00fcr die weitere Arbeit und \u00e4u\u00dfert Respekt und Anerkennung f\u00fcr die Arbeit in unserem Verein, die die Samtgemeinde auch weiterhin gern begleitet.<\/p>\n<p>Bei den anstehenden Wahlen der Kassenpr\u00fcfer und Beisitzer wurden einstimmig<\/p>\n<p>Wiederwahlergebnisse erzielt.<\/p>\n<p>Burkhard Becker \u00fcbermittelte die Gr\u00fc\u00dfe von Vereinsmitglied Hans Beckering, der auf Grund ehrenamtlicher Dienste leider verhindert war.<\/p>\n<p>Text\/Foto: Klaus Sch\u00e4ffner<\/p>\n<p><a href=\"https:\/\/www.forum-soegel.de\/information\/wp-content\/uploads\/2016\/09\/Eine-Harmonische-Gemeinschaft1.jpg\"><img loading=\"lazy\" decoding=\"async\" class=\"alignnone size-thumbnail wp-image-19571\" title=\"Eine Harmonische Gemeinschaft1\" src=\"https:\/\/www.forum-soegel.de\/information\/wp-content\/uploads\/2016\/09\/Eine-Harmonische-Gemeinschaft1-150x150.jpg\" alt=\"\" width=\"150\" height=\"150\" \/><\/a>\u00a0\u00a0<a href=\"https:\/\/www.forum-soegel.de\/information\/wp-content\/uploads\/2016\/09\/Eine-Harmonische-Gemeinschaft2.jpg\"><img loading=\"lazy\" decoding=\"async\" class=\"alignnone size-thumbnail wp-image-19572\" title=\"Eine Harmonische Gemeinschaft2\" src=\"https:\/\/www.forum-soegel.de\/information\/wp-content\/uploads\/2016\/09\/Eine-Harmonische-Gemeinschaft2-150x150.jpg\" alt=\"\" width=\"150\" height=\"150\" \/><\/a><\/p>\n","protected":false},"excerpt":{"rendered":"Mitgliederversammlung Seniorenzentrum im l\u00e4ndlichen Raum e.V. S\u00f6gel &#8211; Der Vorsitzende Bernhard Brachem er\u00f6ffnet die Versammlung, die im Gemeindezentrum St. Jakobus stattfand. Er begr\u00fc\u00dfte neben den Vereinsmitgliedern namentlich besonders Fr. Knoll vom Serviceb\u00fcro des Landkreis Emsland, den Vorstand der Ev. Markusgemeinde Jochen Heeren, den 1. Samtgemeinderat Hans Nowak, Wilhelm Meyer als Vermieter des Betreuungszentrums sowie Hermann [&hellip;]\n","protected":false},"author":2,"featured_media":0,"comment_status":"closed","ping_status":"closed","sticky":false,"template":"","format":"standard","meta":{"ngg_post_thumbnail":0,"footnotes":""},"categories":[3],"tags":[],"class_list":["post-19570","post","type-post","status-publish","format-standard","hentry","category-aktuelles-aus-der-region"],"_links":{"self":[{"href":"https:\/\/www.forum-soegel.de\/information\/wp-json\/wp\/v2\/posts\/19570","targetHints":{"allow":["GET"]}}],"collection":[{"href":"https:\/\/www.forum-soegel.de\/information\/wp-json\/wp\/v2\/posts"}],"about":[{"href":"https:\/\/www.forum-soegel.de\/information\/wp-json\/wp\/v2\/types\/post"}],"author":[{"embeddable":true,"href":"https:\/\/www.forum-soegel.de\/information\/wp-json\/wp\/v2\/users\/2"}],"replies":[{"embeddable":true,"href":"https:\/\/www.forum-soegel.de\/information\/wp-json\/wp\/v2\/comments?post=19570"}],"version-history":[{"count":1,"href":"https:\/\/www.forum-soegel.de\/information\/wp-json\/wp\/v2\/posts\/19570\/revisions"}],"predecessor-version":[{"id":19573,"href":"https:\/\/www.forum-soegel.de\/information\/wp-json\/wp\/v2\/posts\/19570\/revisions\/19573"}],"wp:attachment":[{"href":"https:\/\/www.forum-soegel.de\/information\/wp-json\/wp\/v2\/media?parent=19570"}],"wp:term":[{"taxonomy":"category","embeddable":true,"href":"https:\/\/www.forum-soegel.de\/information\/wp-json\/wp\/v2\/categories?post=19570"},{"taxonomy":"post_tag","embeddable":true,"href":"https:\/\/www.forum-soegel.de\/information\/wp-json\/wp\/v2\/tags?post=19570"}],"curies":[{"name":"wp","href":"https:\/\/api.w.org\/{rel}","templated":true}]}}