{"id":19565,"date":"2016-09-03T06:58:40","date_gmt":"2016-09-03T04:58:40","guid":{"rendered":"https:\/\/www.forum-soegel.de\/information\/?p=19565"},"modified":"2016-09-03T06:58:54","modified_gmt":"2016-09-03T04:58:54","slug":"%e2%80%9edankeschongeschenk%e2%80%9c-fur-herzliche-aufnahme-in-huven","status":"publish","type":"post","link":"https:\/\/www.forum-soegel.de\/information\/2016\/09\/%e2%80%9edankeschongeschenk%e2%80%9c-fur-herzliche-aufnahme-in-huven\/","title":{"rendered":"\u201eDankesch\u00f6ngeschenk\u201c f\u00fcr herzliche Aufnahme in H\u00fcven"},"content":{"rendered":"<p>H\u00fcven &#8211; Margret Timper ist 92 Jahre alt und vor 25 Jahren zusammen mit ihrem inzwischen verstorbenen Ehemann nach H\u00fcven gezogen. Anl\u00e4sslich dieses \u201eJubil\u00e4ums\u201c hat sie entschieden, f\u00fcr H\u00fcven \u201eetwas Gutes zu tun\u201c und sich damit f\u00fcr die \u00fcberaus herzliche Aufnahme im Dorf und der Dorfgemeinschaft zu bedanken.<\/p>\n<p>Da Margret Timper eine begeisterte Spazierg\u00e4ngerin ist, hat sie als erste Ma\u00dfnahme zwei Sitzb\u00e4nke an ihrer bevorzugten Spazierstrecke gestiftet. Dort habe sie noch mit ihrem damals erkrankten Mann Pausen eingelegt und die Natur genossen, so Timper.<\/p>\n<p>Gleichzeitig hat sie Geld gestiftet f\u00fcr zwei Obstb\u00e4ume (Kirsche und Apfel), die an einem nahe gelegenen Feldweg gepflanzt wurden. \u201eIch hoffe, dass sie in den n\u00e4chsten Jahren Fr\u00fcchte tragen werden und sich weitere Spazierg\u00e4nger daran erfreuen k\u00f6nnen\u201c. Die Pflanzung von zwei Pflaumenb\u00e4umen sind noch f\u00fcr diesen Herbst geplant.<\/p>\n<p>Erst k\u00fcrzlich hat Timper den F\u00f6rderkreis H\u00fcvener M\u00fchle e.V. durch eine Spende f\u00fcr eine Schautafel unterst\u00fctzt. Im Nachgang der Neugestaltung des Gel\u00e4ndes an der H\u00fcvener M\u00fchle, konnten dort neue\u00a0 Lehrtafeln aufgestellt werden. Alle St\u00e4nderwerke mit D\u00e4chern wurden von der Naturschutzstiftung Emsland finanziert,\u00a0 in dessen Auftrag gebaut und aufgestellt wurde, ebenso die Lehrtafeln. F\u00fcr eine zus\u00e4tzliche Lehrtafel \u00fcbernahm Timper nunmehr die \u201eSchirmherrschaft\u201c, und zwar f\u00fcr die \u201eSohlgleite\u201c. Diese Tafel wurde eigens f\u00fcr den F\u00f6rderkreis entwickelt und gestaltet um den besonderen\u00a0 Charakter und die Bedeutung der Sohlgleite in der Mittelradde hervorzuheben. Im Juli nun wurde diese Tafel von Timper im Beisein von Vorstandmitgliedern des F\u00f6rderkreises\u00a0 feierlich \u201eenth\u00fcllt\u201c.<\/p>\n<p>Text\/Foto: Gemeinde H\u00fcven<\/p>\n<div id=\"attachment_19567\" style=\"width: 310px\" class=\"wp-caption alignnone\"><a href=\"https:\/\/www.forum-soegel.de\/information\/wp-content\/uploads\/2016\/09\/\u201eDankesch\u00f6ngeschenk\u201c-f\u00fcr-herzliche-Aufnahme-in-H\u00fcven1.jpg\"><img loading=\"lazy\" decoding=\"async\" aria-describedby=\"caption-attachment-19567\" class=\"size-medium wp-image-19567\" title=\"\u201eDankesch\u00f6ngeschenk\u201c f\u00fcr herzliche Aufnahme in H\u00fcven\" src=\"https:\/\/www.forum-soegel.de\/information\/wp-content\/uploads\/2016\/09\/\u201eDankesch\u00f6ngeschenk\u201c-f\u00fcr-herzliche-Aufnahme-in-H\u00fcven1-300x225.jpg\" alt=\"\" width=\"300\" height=\"225\" srcset=\"https:\/\/www.forum-soegel.de\/information\/wp-content\/uploads\/2016\/09\/\u201eDankesch\u00f6ngeschenk\u201c-f\u00fcr-herzliche-Aufnahme-in-H\u00fcven1-300x225.jpg 300w, https:\/\/www.forum-soegel.de\/information\/wp-content\/uploads\/2016\/09\/\u201eDankesch\u00f6ngeschenk\u201c-f\u00fcr-herzliche-Aufnahme-in-H\u00fcven1.jpg 1024w\" sizes=\"auto, (max-width: 300px) 100vw, 300px\" \/><\/a><p id=\"caption-attachment-19567\" class=\"wp-caption-text\">Der F\u00f6rderverein der H\u00fcvener M\u00fchle dankte in einer kleinen Feierstunde Margret Timper f\u00fcr die vielf\u00e4ltige Unterst\u00fctzung in den letzten beiden Jahren. (von links) Wilhelm Geers, Margret Timper, Karl Nortmann, Klaus Hannok.<\/p><\/div>\n","protected":false},"excerpt":{"rendered":"H\u00fcven &#8211; Margret Timper ist 92 Jahre alt und vor 25 Jahren zusammen mit ihrem inzwischen verstorbenen Ehemann nach H\u00fcven gezogen. Anl\u00e4sslich dieses \u201eJubil\u00e4ums\u201c hat sie entschieden, f\u00fcr H\u00fcven \u201eetwas Gutes zu tun\u201c und sich damit f\u00fcr die \u00fcberaus herzliche Aufnahme im Dorf und der Dorfgemeinschaft zu bedanken. Da Margret Timper eine begeisterte Spazierg\u00e4ngerin ist, [&hellip;]\n","protected":false},"author":2,"featured_media":0,"comment_status":"closed","ping_status":"closed","sticky":false,"template":"","format":"standard","meta":{"ngg_post_thumbnail":0,"footnotes":""},"categories":[3],"tags":[],"class_list":["post-19565","post","type-post","status-publish","format-standard","hentry","category-aktuelles-aus-der-region"],"_links":{"self":[{"href":"https:\/\/www.forum-soegel.de\/information\/wp-json\/wp\/v2\/posts\/19565","targetHints":{"allow":["GET"]}}],"collection":[{"href":"https:\/\/www.forum-soegel.de\/information\/wp-json\/wp\/v2\/posts"}],"about":[{"href":"https:\/\/www.forum-soegel.de\/information\/wp-json\/wp\/v2\/types\/post"}],"author":[{"embeddable":true,"href":"https:\/\/www.forum-soegel.de\/information\/wp-json\/wp\/v2\/users\/2"}],"replies":[{"embeddable":true,"href":"https:\/\/www.forum-soegel.de\/information\/wp-json\/wp\/v2\/comments?post=19565"}],"version-history":[{"count":2,"href":"https:\/\/www.forum-soegel.de\/information\/wp-json\/wp\/v2\/posts\/19565\/revisions"}],"predecessor-version":[{"id":19569,"href":"https:\/\/www.forum-soegel.de\/information\/wp-json\/wp\/v2\/posts\/19565\/revisions\/19569"}],"wp:attachment":[{"href":"https:\/\/www.forum-soegel.de\/information\/wp-json\/wp\/v2\/media?parent=19565"}],"wp:term":[{"taxonomy":"category","embeddable":true,"href":"https:\/\/www.forum-soegel.de\/information\/wp-json\/wp\/v2\/categories?post=19565"},{"taxonomy":"post_tag","embeddable":true,"href":"https:\/\/www.forum-soegel.de\/information\/wp-json\/wp\/v2\/tags?post=19565"}],"curies":[{"name":"wp","href":"https:\/\/api.w.org\/{rel}","templated":true}]}}