{"id":19560,"date":"2016-09-03T06:55:13","date_gmt":"2016-09-03T04:55:13","guid":{"rendered":"https:\/\/www.forum-soegel.de\/information\/?p=19560"},"modified":"2016-09-03T06:55:52","modified_gmt":"2016-09-03T04:55:52","slug":"kommunalwahlen-2016-wahlvorschlage-samtgemeinde-sogel","status":"publish","type":"post","link":"https:\/\/www.forum-soegel.de\/information\/2016\/09\/kommunalwahlen-2016-wahlvorschlage-samtgemeinde-sogel\/","title":{"rendered":"Kommunalwahlen 2016: Wahlvorschl\u00e4ge Samtgemeinde S\u00f6gel"},"content":{"rendered":"<p><a href=\"https:\/\/www.forum-soegel.de\/information\/wp-content\/uploads\/2016\/09\/waehlen_gehen11.jpg\"><img loading=\"lazy\" decoding=\"async\" class=\"alignleft size-medium wp-image-19563\" title=\"waehlen_gehen[1]\" src=\"https:\/\/www.forum-soegel.de\/information\/wp-content\/uploads\/2016\/09\/waehlen_gehen11-300x230.jpg\" alt=\"\" width=\"300\" height=\"230\" srcset=\"https:\/\/www.forum-soegel.de\/information\/wp-content\/uploads\/2016\/09\/waehlen_gehen11-300x230.jpg 300w, https:\/\/www.forum-soegel.de\/information\/wp-content\/uploads\/2016\/09\/waehlen_gehen11.jpg 373w\" sizes=\"auto, (max-width: 300px) 100vw, 300px\" \/><\/a>Folgende Wahlvorschl\u00e4ge wurden seitens der Wahlaussch\u00fcsse f\u00fcr die Gemeinder\u00e4te der Mitgliedsgemeinden der Samtgemeinde S\u00f6gel, den Samtgemeinderat der Samtgemeinde S\u00f6gel bzw. den Kreistag des Landkreises Emsland zugelassen:<\/p>\n<p>&nbsp;<\/p>\n<p>F\u00fcr den <strong>Gemeinderat B\u00f6rger<\/strong>:<\/p>\n<p>CDU: Ansgar Kossen, Frauke Br\u00fcggemann, Andreas Jansen, Petra Westendorf, Konny Kossen, Hans Hermanns, Klaus Meyners, Hermann Ubbenjans, Hermann Geers, Michael Moulton, Hermann Grote<\/p>\n<p>SPD: Johannes M\u00fcller, Hans-Hermann Rolfes, Klaus Terhalle, J\u00fcrgen Ermes, Wilhelm Klaas, Manfred K\u00f6gler, Klaus Fleer, Georg Langen,<\/p>\n<p>UWG: Hermann Josef W\u00f6ste, Johannes Korte, Angelika T\u00f6bben, Jesseka Hu\u00dfmann, J\u00f6rg Bruns, Henry-Ralf van der Kamp, Torsten Sebers, Ulrich Schulz, Ulrich W\u00f6ste<\/p>\n<p>&nbsp;<\/p>\n<p>F\u00fcr den <strong>Gemeinderat Gro\u00df Ber\u00dfen<\/strong>:<\/p>\n<p>CDU: Reinhard Kurlemann, Josef Beelmann, Gerhard Deimann, Heinrich Hinrichs, Gerhard Jansen, Heike Jansen, Stefan Kleimann, Bernd Mersch, Ursula Tiemann, Ingo van der Ahe, J\u00fcrgen L\u00fcken<\/p>\n<p>&nbsp;<\/p>\n<p>F\u00fcr den <strong>Gemeinderat H\u00fcven<\/strong>:<\/p>\n<p>CDU: Simone Borgmann, Hermann Brinker, Martin Eilers, Veronika Eilers, Joachim Jank, Alfons Kohne, Bernhard Osterkamp, Friederike Sanders, Christian Sandmann, Aloys Ull, Richard Willoh<\/p>\n<p>&nbsp;<\/p>\n<p>F\u00fcr den <strong>Gemeinderat Klein Ber\u00dfen<\/strong>:<\/p>\n<p>CDU: Ludger Becker, Thomas Ficker, Thomas Rump, Gerd Sch\u00fctte, Heinrich Vo\u00df, Mechthild Geers, Hermann Hinrichs, Stefan L\u00fcbken, Frank M\u00f6nster, Ralf Neeland, Ralf Nieters, Lars Pawelak, Ludger Wester, Heike Woesthoff<\/p>\n<p>B\u00fcndnis 90 \/ Die Gr\u00fcnen: Bernhard Ellermann, Herbert Seidel<\/p>\n<p>&nbsp;<\/p>\n<p>F\u00fcr den <strong>Gemeinderat S\u00f6gel<\/strong>:<\/p>\n<p>CDU: Irmgard Welling, Anke B\u00fcrschen, Sandra Wichmann, Ulrike Hinrichs, Karl Steinbild, Klaus Sch\u00e4ffner, Adolf Jelges, Dr. Niels Gepp, G\u00fcnther Wucherpfenning, Frank Ostermann, Johannes V\u00f6lker, Bernd Haarmann, Valeri Klippert, Thilo Finke, Wilfried Mielke, Andreas Meier, Bernhard Herm\u00fchlen, Franz-Josef Donhauser, Dr. Thomas Voss<\/p>\n<p>SPD: Anno Immenga, Helene Kurka, Frank Kla\u00df, Emilie Benkemper, Joachim Heeren, Elena Romanenko, Georg Jansen, Gerhard Gerdes, Ralf Schr\u00f6der, Ronald Br\u00e4utigam, Bj\u00f6rn Stephan, Thomas Kla\u00df, Martin Hinderks, Wilfried Steenken, Claas Peters, Angelo Wiemken, Florian Haasler, Cornelia Bouras, Andrea Bellingen<\/p>\n<p>FDP: Franz-Josef Bruns<\/p>\n<p>&nbsp;<\/p>\n<p>F\u00fcr den <strong>Gemeinderat Spahnharrenst\u00e4tte<\/strong>:<\/p>\n<p>CDU: Matthias Ahrens, Andr\u00e9 Bohlsen, Hans-Wilhelm Heitmann, Rita Kamlage, Hubert Konen, Clemens Kurre, Wilfried Meyer, Horst Schrandt, Gerd Sielker, Angelika Tigelaar, Reinhard Timpker<\/p>\n<p>UWG: Hermann Meyer, Bernhard Oldopp, Rita Heyen, Annette St\u00fcver, Anna Temmen, Frank Jansen, Konrad L\u00fcnswilken, Jan Steenken, Werner T\u00f6bben, Achim Will<\/p>\n<p>&nbsp;<\/p>\n<p>F\u00fcr den <strong>Gemeinderat Stavern<\/strong>:<\/p>\n<p>CDU: Helmut Rawe, Anke Schuckenbrock, Jochen Brunen, Robert Grote, Michael Kleefeld, Heinz M\u00f6dden, Matthias M\u00fcller, Matthias Niers, Michael Wilkens<\/p>\n<p>UWG: Gerhard Rode, Lothar Kubath, Sina Rolfes, Patrick Rode, Hermann Schwindeler, Heinrich G\u00fcnnemann<\/p>\n<p>FDP: Franz Br\u00f6ker<\/p>\n<p>&nbsp;<\/p>\n<p>F\u00fcr den <strong>Gemeinderat Werpeloh<\/strong>:<\/p>\n<p>CDU: Johann Geerswilken, Maria Kock, Veronika L\u00fcbbers, Rita Hagenhoff, Hermann Kuper, Ansgar Schomakers, Thomas Hackmann, Antonius Lammers, Klaus Wessels, Olaf Kruithoff, Holger Kuper, Johannes Sievers, Christoph Eilers, Arnd Sievers, Michael Horstmann, Jens H\u00fcntelmann<\/p>\n<p>SPD: Lars Bollmann<\/p>\n<p>WL: Ulrich Alt, Heinrich Hermann D\u00fcthmann, Carsten Francke, Ursula M\u00f6hlenkamp, Christian Schr\u00f6er<\/p>\n<p>&nbsp;<\/p>\n<p>&nbsp;<\/p>\n<p>F\u00fcr den <strong>Samtgemeinderat der Samtgemeinde S\u00f6gel<\/strong>:<\/p>\n<p>&nbsp;<\/p>\n<p>aus der Gemeinde <strong>B\u00f6rger<\/strong>:<\/p>\n<p>CDU: Hermann Geers, Ansgar Kossen, Frauke Br\u00fcggemann, Hans Hermanns, Klaus Meyners<\/p>\n<p>SPD: Johannes M\u00fcller, J\u00fcrgen Ermes, Hans-Hermann Rolfes, Klaus Terhalle, Klaus Fleer<\/p>\n<p>&nbsp;<\/p>\n<p>aus der Gemeinde <strong>Gro\u00df Ber\u00dfen<\/strong>:<\/p>\n<p>CDU: Stefan Kleimann, Reinhard Kurlemann<\/p>\n<p>&nbsp;<\/p>\n<p>aus der Gemeinde <strong>H\u00fcven<\/strong>:<\/p>\n<p>CDU: Simone Borgmann, Martin Eilers, Christian Sandmann<\/p>\n<p>&nbsp;<\/p>\n<p>aus der Gemeinde <strong>Klein Ber\u00dfen<\/strong>:<\/p>\n<p>CDU: Thomas Rump, Gerd Sch\u00fctte, Heinrich Vo\u00df<\/p>\n<p>B\u00fcndnis 90\/Die Gr\u00fcnen: Bernhard Ellermann, Herbert Seidel<\/p>\n<p>&nbsp;<\/p>\n<p>aus der Gemeinde <strong>S\u00f6gel<\/strong>:<\/p>\n<p>CDU: Irmgard Welling, Markus Kohnen, Karl Steinbild, Anke B\u00fcrschen, Frank Ostermann, G\u00fcnther Wucherpfennig, Franz-Josef Donhauser, Wilfried Mielke, Bernhard Herm\u00fchlen<\/p>\n<p>SPD: Angelo Wiemken, Claas Peters, Florian Haasler, Joachim Heeren, Emilie Benkemper, Ronald Br\u00e4utigam, Helene Kurka, Frank Kla\u00df, Ralf Schr\u00f6der, Anno Immenga, Georg Jansen<\/p>\n<p>FDP: Franz-Josef Bruns<\/p>\n<p>&nbsp;<\/p>\n<p>aus der Gemeinde <strong>Spahnharrenst\u00e4tte<\/strong>:<\/p>\n<p>CDU: Hans-Wilhelm Heitmann, Wilfried Meyer, Reinhard Timpker,<\/p>\n<p>UWG: Hermann Meyer<\/p>\n<p>&nbsp;<\/p>\n<p>aus der Gemeinde <strong>Stavern<\/strong>:<\/p>\n<p>CDU: Helmut Rawe, Anke Schuckenbrock<\/p>\n<p>UWG: Gerhard Rode<\/p>\n<p>FDP: Franz Br\u00f6ker<\/p>\n<p>&nbsp;<\/p>\n<p>aus der Gemeinde <strong>Werpeloh<\/strong>:<\/p>\n<p>CDU: Johann Geerswilken, Maria Kock, Thomas Hackmann<\/p>\n<p>SPD: Lars Bollmann, Peter Luckau<\/p>\n<p>WL: Carsten Francke<\/p>\n<p>&nbsp;<\/p>\n<p>F\u00fcr den <strong>Kreistag<\/strong> des Landkreises Emsland kandidieren aus der Samtgemeinde S\u00f6gel:<\/p>\n<p>CDU: Reinhard Kurlemann (Gro\u00df Ber\u00dfen), Markus Kohnen (S\u00f6gel), Anke B\u00fcrschen (S\u00f6gel),<\/p>\n<p>Rita Hagenhoff (Werpeloh)<\/p>\n<p>SPD: Anno Immenga (S\u00f6gel), Klaus Fleer (B\u00f6rger), Lars Bollmann (Werpeloh)<\/p>\n<p>B\u00fcndnis 90\/Die Gr\u00fcnen: Bernhard Ellermann (Klein Ber\u00dfen)<\/p>\n<p>UWG: Gerhard Rode (Stavern), Hermann Meyer (Spahnharrenst\u00e4tte)<\/p>\n<p>FDP: Franz-Josef Bruns (S\u00f6gel)<\/p>\n<p>Text: Samtgemeinde S\u00f6gel<\/p>\n","protected":false},"excerpt":{"rendered":"Folgende Wahlvorschl\u00e4ge wurden seitens der Wahlaussch\u00fcsse f\u00fcr die Gemeinder\u00e4te der Mitgliedsgemeinden der Samtgemeinde S\u00f6gel, den Samtgemeinderat der Samtgemeinde S\u00f6gel bzw. den Kreistag des Landkreises Emsland zugelassen: &nbsp; F\u00fcr den Gemeinderat B\u00f6rger: CDU: Ansgar Kossen, Frauke Br\u00fcggemann, Andreas Jansen, Petra Westendorf, Konny Kossen, Hans Hermanns, Klaus Meyners, Hermann Ubbenjans, Hermann Geers, Michael Moulton, Hermann Grote SPD: [&hellip;]\n","protected":false},"author":2,"featured_media":0,"comment_status":"closed","ping_status":"closed","sticky":false,"template":"","format":"standard","meta":{"ngg_post_thumbnail":0,"footnotes":""},"categories":[3],"tags":[],"class_list":["post-19560","post","type-post","status-publish","format-standard","hentry","category-aktuelles-aus-der-region"],"_links":{"self":[{"href":"https:\/\/www.forum-soegel.de\/information\/wp-json\/wp\/v2\/posts\/19560","targetHints":{"allow":["GET"]}}],"collection":[{"href":"https:\/\/www.forum-soegel.de\/information\/wp-json\/wp\/v2\/posts"}],"about":[{"href":"https:\/\/www.forum-soegel.de\/information\/wp-json\/wp\/v2\/types\/post"}],"author":[{"embeddable":true,"href":"https:\/\/www.forum-soegel.de\/information\/wp-json\/wp\/v2\/users\/2"}],"replies":[{"embeddable":true,"href":"https:\/\/www.forum-soegel.de\/information\/wp-json\/wp\/v2\/comments?post=19560"}],"version-history":[{"count":2,"href":"https:\/\/www.forum-soegel.de\/information\/wp-json\/wp\/v2\/posts\/19560\/revisions"}],"predecessor-version":[{"id":19564,"href":"https:\/\/www.forum-soegel.de\/information\/wp-json\/wp\/v2\/posts\/19560\/revisions\/19564"}],"wp:attachment":[{"href":"https:\/\/www.forum-soegel.de\/information\/wp-json\/wp\/v2\/media?parent=19560"}],"wp:term":[{"taxonomy":"category","embeddable":true,"href":"https:\/\/www.forum-soegel.de\/information\/wp-json\/wp\/v2\/categories?post=19560"},{"taxonomy":"post_tag","embeddable":true,"href":"https:\/\/www.forum-soegel.de\/information\/wp-json\/wp\/v2\/tags?post=19560"}],"curies":[{"name":"wp","href":"https:\/\/api.w.org\/{rel}","templated":true}]}}