{"id":19557,"date":"2016-09-03T06:47:52","date_gmt":"2016-09-03T04:47:52","guid":{"rendered":"https:\/\/www.forum-soegel.de\/information\/?p=19557"},"modified":"2016-09-03T06:48:15","modified_gmt":"2016-09-03T04:48:15","slug":"19557","status":"publish","type":"post","link":"https:\/\/www.forum-soegel.de\/information\/2016\/09\/19557\/","title":{"rendered":"Vorwort September 2016"},"content":{"rendered":"<p>Liebe Leserinnen und Leser,<\/p>\n<p>der September ist f\u00fcr uns alle ein wichtiger Monat. Es stehen Kommunalwahlen an. Wir B\u00fcrger haben das Recht, ja eigentlich die Pflicht, zur Wahl zu gehen, denn mit unseren Stimmen k\u00f6nnen wir mitentscheiden, welche M\u00e4nner und Frauen in den kommenden Jahren in Gemeinde, Samtgemeinde und Kreis, in unserer Heimat also, unsere Gegenwart und Zukunft mitgestalten. Eine verantwortungsvolle Aufgabe f\u00fcr W\u00e4hler und Gew\u00e4hlte.<\/p>\n<p>&nbsp;<\/p>\n<p>F\u00fcr die Redaktion der IfS ist es deshalb ein Anliegen, unseren Lesern einmal in Erinnerung zu rufen, was fr\u00fchere Generationen an erfolgreicher Arbeit in und f\u00fcr unsere Kommunen geleistet haben, von der wir heute noch profitieren.<\/p>\n<p>&nbsp;<\/p>\n<p>Gerade die Jubil\u00e4en der letzten Zeit sind ein \u00fcberzeugendes Beispiel daf\u00fcr.<\/p>\n<p>&nbsp;<\/p>\n<p>Vor hundertf\u00fcnfzig Jahren wurde das Kreiskrankenhaus S\u00f6gel gegr\u00fcndet, das heute als H\u00fcmmling-Hospital ein fester und segensreicher Bestandteil der medizinischen Versorgung f\u00fcr unsere Bev\u00f6lkerung auf dem H\u00fcmmling und im Emsland geworden ist, dank kluger und weitsichtiger Entscheidungen der politisch Verantwortlichen und der guten Arbeit von \u00c4rzten und allen Mitarbeiterinnen und Mitarbeitern.<\/p>\n<p>&nbsp;<\/p>\n<p>Vor f\u00fcnfzig Jahren, im Jahre 1966, er\u00f6ffneten sich f\u00fcr unsere Jungen und M\u00e4dchen mit der Errichtung des Gymnasiums in S\u00f6gel endlich auch Bildungs- und Zukunftschancen auf dem H\u00fcmmling, die inzwischen hunderte von jungen Menschen erfolgreich genutzt haben und weiter nutzen.<\/p>\n<p>&nbsp;<\/p>\n<p>Erw\u00e4hnt sei im sportlichen Bereich das neunzigj\u00e4hrige Jubil\u00e4um des Tennisvereins \u201eRot-Gold-S\u00f6gel\u201c. Auf der wundersch\u00f6nen Tennisanlage finden zahlreiche Kinder, Jugendliche und Erwachsene Zeit zum sportlichen Tun und gem\u00fctlichem Beisammensein.<\/p>\n<p>&nbsp;<\/p>\n<p>Drei Beispiele einer erfolgreichen Kommunalpolitik in der Vergangenheit. Das Redaktionsteam der IfS und sicherlich viele Leser\/innen sagen herzlich Dank daf\u00fcr. Den neu gew\u00e4hlten Entscheidungstr\u00e4gern w\u00fcnschen wir in ihrer k\u00fcnftigen Arbeit\u00a0 Kraft, Freude und Erfolg im Einsatz f\u00fcr unsere B\u00fcrger.<\/p>\n<p>Heiner Wellenbrock f\u00fcr das Redaktionsteam IFS<\/p>\n","protected":false},"excerpt":{"rendered":"Liebe Leserinnen und Leser, der September ist f\u00fcr uns alle ein wichtiger Monat. Es stehen Kommunalwahlen an. Wir B\u00fcrger haben das Recht, ja eigentlich die Pflicht, zur Wahl zu gehen, denn mit unseren Stimmen k\u00f6nnen wir mitentscheiden, welche M\u00e4nner und Frauen in den kommenden Jahren in Gemeinde, Samtgemeinde und Kreis, in unserer Heimat also, unsere [&hellip;]\n","protected":false},"author":2,"featured_media":0,"comment_status":"closed","ping_status":"closed","sticky":false,"template":"","format":"standard","meta":{"ngg_post_thumbnail":0,"footnotes":""},"categories":[393],"tags":[],"class_list":["post-19557","post","type-post","status-publish","format-standard","hentry","category-vorwort"],"_links":{"self":[{"href":"https:\/\/www.forum-soegel.de\/information\/wp-json\/wp\/v2\/posts\/19557","targetHints":{"allow":["GET"]}}],"collection":[{"href":"https:\/\/www.forum-soegel.de\/information\/wp-json\/wp\/v2\/posts"}],"about":[{"href":"https:\/\/www.forum-soegel.de\/information\/wp-json\/wp\/v2\/types\/post"}],"author":[{"embeddable":true,"href":"https:\/\/www.forum-soegel.de\/information\/wp-json\/wp\/v2\/users\/2"}],"replies":[{"embeddable":true,"href":"https:\/\/www.forum-soegel.de\/information\/wp-json\/wp\/v2\/comments?post=19557"}],"version-history":[{"count":2,"href":"https:\/\/www.forum-soegel.de\/information\/wp-json\/wp\/v2\/posts\/19557\/revisions"}],"predecessor-version":[{"id":19559,"href":"https:\/\/www.forum-soegel.de\/information\/wp-json\/wp\/v2\/posts\/19557\/revisions\/19559"}],"wp:attachment":[{"href":"https:\/\/www.forum-soegel.de\/information\/wp-json\/wp\/v2\/media?parent=19557"}],"wp:term":[{"taxonomy":"category","embeddable":true,"href":"https:\/\/www.forum-soegel.de\/information\/wp-json\/wp\/v2\/categories?post=19557"},{"taxonomy":"post_tag","embeddable":true,"href":"https:\/\/www.forum-soegel.de\/information\/wp-json\/wp\/v2\/tags?post=19557"}],"curies":[{"name":"wp","href":"https:\/\/api.w.org\/{rel}","templated":true}]}}