{"id":19416,"date":"2016-08-01T19:31:41","date_gmt":"2016-08-01T17:31:41","guid":{"rendered":"https:\/\/www.forum-soegel.de\/information\/?p=19416"},"modified":"2016-08-01T19:31:41","modified_gmt":"2016-08-01T17:31:41","slug":"bauernhof-bruns-offnet-turen-fur-kinder-des-familienzentrums","status":"publish","type":"post","link":"https:\/\/www.forum-soegel.de\/information\/2016\/08\/bauernhof-bruns-offnet-turen-fur-kinder-des-familienzentrums\/","title":{"rendered":"Bauernhof Bruns \u00f6ffnet T\u00fcren f\u00fcr Kinder des Familienzentrums"},"content":{"rendered":"<p align=\"left\"><a href=\"https:\/\/www.forum-soegel.de\/information\/wp-content\/uploads\/2016\/08\/Bauernhof-Bruns-\u00f6ffnet-T\u00fcren-f\u00fcr-Kinder-des-Familienzentrums2.jpg\"><img loading=\"lazy\" decoding=\"async\" class=\"alignleft size-medium wp-image-19420\" title=\"Bauernhof Bruns \u00f6ffnet T\u00fcren f\u00fcr Kinder des Familienzentrums\" src=\"https:\/\/www.forum-soegel.de\/information\/wp-content\/uploads\/2016\/08\/Bauernhof-Bruns-\u00f6ffnet-T\u00fcren-f\u00fcr-Kinder-des-Familienzentrums2-300x188.jpg\" alt=\"\" width=\"300\" height=\"188\" srcset=\"https:\/\/www.forum-soegel.de\/information\/wp-content\/uploads\/2016\/08\/Bauernhof-Bruns-\u00f6ffnet-T\u00fcren-f\u00fcr-Kinder-des-Familienzentrums2-300x188.jpg 300w, https:\/\/www.forum-soegel.de\/information\/wp-content\/uploads\/2016\/08\/Bauernhof-Bruns-\u00f6ffnet-T\u00fcren-f\u00fcr-Kinder-des-Familienzentrums2.jpg 1024w\" sizes=\"auto, (max-width: 300px) 100vw, 300px\" \/><\/a>S\u00f6gel &#8211; Das Ehepaar Heiner und Meike Bruns haben alle 3-6-j\u00e4hrigen Kinder des Familienzentrums St. Jakobus zu vier Erlebnisvormittagen auf dem Bauernhof eingeladen.<\/p>\n<p align=\"left\">Die Eltern der Kinder bildeten Fahrgemeinschaften, und die Kinder wurden herzlich vom Ehepaar Bruns begr\u00fc\u00dft.<\/p>\n<p align=\"left\">Gleich zu Anfang des Besuches bekamen die Kinder Schirmm\u00fctzen geschenkt, die von der Raiffeisen Ems- Vechte Klein Berssen gesponsert wurden.<\/p>\n<p align=\"left\">Sofort ging es in den Stall zu den Bullen, Schweinen und den Jungk\u00e4lbern.<\/p>\n<p align=\"left\">Liebevoll wurden die Kinder an die Tiere herangef\u00fchrt, um selbst zu begreifen, wie Tiere auf dem Bauernhof leben und welche Nahrung sie brauchen. F\u00fcr viele Kinder ist es das erste Mal, dass sie lebende Tiere auf dem Bauernhof sehen. Die s\u00fc\u00dfen K\u00e4lbchen hatten sofort die Herzen der Kinder erobert.<\/p>\n<p align=\"left\">Ein Kind erz\u00e4hlte begeistert: \u201eFrau Welling, ich habe einen Bullen gesehen. Bullen sind M\u00e4nnerk\u00fche mit Riesenaugen und einem riesigen Hunger.\u201c<\/p>\n<p align=\"left\">Eigens f\u00fcr den Besuch hat es sich Heiner Bruns nicht nehmen lassen, eine Strohburg f\u00fcr die Kinder zu errichten. Hier konnten sich die Kinder nach Herzenslust austoben.<\/p>\n<p align=\"left\">Besonders die Maschinen waren f\u00fcr die Kinder interessant. Auf diesem Vorzeigehof haben die Kinder sehr viel \u00fcber den Beruf eines Landwirtes erfahren.<\/p>\n<p align=\"left\">Karina Jansen und \u00a0Irmgard Welling bedankten sich bei dem Ehepaar Bruns sehr herzlich f\u00fcr das gro\u00dfe Engagement und die Zeit, die sie den Kindern geschenkt haben.<\/p>\n<p align=\"left\">Text: Heiner Bruns \/ Foto: Familienzentrum St. Jakobus<\/p>\n<p align=\"left\">\n","protected":false},"excerpt":{"rendered":"S\u00f6gel &#8211; Das Ehepaar Heiner und Meike Bruns haben alle 3-6-j\u00e4hrigen Kinder des Familienzentrums St. Jakobus zu vier Erlebnisvormittagen auf dem Bauernhof eingeladen. Die Eltern der Kinder bildeten Fahrgemeinschaften, und die Kinder wurden herzlich vom Ehepaar Bruns begr\u00fc\u00dft. Gleich zu Anfang des Besuches bekamen die Kinder Schirmm\u00fctzen geschenkt, die von der Raiffeisen Ems- Vechte Klein [&hellip;]\n","protected":false},"author":2,"featured_media":0,"comment_status":"closed","ping_status":"closed","sticky":false,"template":"","format":"standard","meta":{"ngg_post_thumbnail":0,"footnotes":""},"categories":[868],"tags":[],"class_list":["post-19416","post","type-post","status-publish","format-standard","hentry","category-zwischen-himmel-und-erde"],"_links":{"self":[{"href":"https:\/\/www.forum-soegel.de\/information\/wp-json\/wp\/v2\/posts\/19416","targetHints":{"allow":["GET"]}}],"collection":[{"href":"https:\/\/www.forum-soegel.de\/information\/wp-json\/wp\/v2\/posts"}],"about":[{"href":"https:\/\/www.forum-soegel.de\/information\/wp-json\/wp\/v2\/types\/post"}],"author":[{"embeddable":true,"href":"https:\/\/www.forum-soegel.de\/information\/wp-json\/wp\/v2\/users\/2"}],"replies":[{"embeddable":true,"href":"https:\/\/www.forum-soegel.de\/information\/wp-json\/wp\/v2\/comments?post=19416"}],"version-history":[{"count":1,"href":"https:\/\/www.forum-soegel.de\/information\/wp-json\/wp\/v2\/posts\/19416\/revisions"}],"predecessor-version":[{"id":19421,"href":"https:\/\/www.forum-soegel.de\/information\/wp-json\/wp\/v2\/posts\/19416\/revisions\/19421"}],"wp:attachment":[{"href":"https:\/\/www.forum-soegel.de\/information\/wp-json\/wp\/v2\/media?parent=19416"}],"wp:term":[{"taxonomy":"category","embeddable":true,"href":"https:\/\/www.forum-soegel.de\/information\/wp-json\/wp\/v2\/categories?post=19416"},{"taxonomy":"post_tag","embeddable":true,"href":"https:\/\/www.forum-soegel.de\/information\/wp-json\/wp\/v2\/tags?post=19416"}],"curies":[{"name":"wp","href":"https:\/\/api.w.org\/{rel}","templated":true}]}}