{"id":1931,"date":"2010-05-01T12:12:17","date_gmt":"2010-05-01T10:12:17","guid":{"rendered":"https:\/\/www.forum-soegel.de\/information\/?p=1931"},"modified":"2010-05-01T12:26:14","modified_gmt":"2010-05-01T10:26:14","slug":"tag-der-offenen-tur-in-der-kindertagesstatte-arche-noah","status":"publish","type":"post","link":"https:\/\/www.forum-soegel.de\/information\/2010\/05\/tag-der-offenen-tur-in-der-kindertagesstatte-arche-noah\/","title":{"rendered":"Tag der offenen T\u00fcr in der Kindertagesst\u00e4tte Arche Noah"},"content":{"rendered":"<p>Gut besucht war das ehemalige Schulgeb\u00e4ude in der von Steuben Stra\u00dfe zum Tag der offenen T\u00fcr. In den neu gestalteten R\u00e4umlichkeiten der Arche Noah sind zurzeit 2 Regelgruppen und 3 Krippengruppen eingerichtet. Die Kindertagesst\u00e4tte Arche Noah steht zwar auch unter der Tr\u00e4gerschaft der Katholischen Kirchengemeinde S\u00f6gel, wird jedoch als eigenst\u00e4ndige Einrichtung neben dem Familienzentrum St. Jakobus S\u00f6gel gef\u00fchrt.<\/p>\n<p>Die Second-Hand-B\u00f6rse des M\u00fctterzentrums ist ebenfalls hier untergebracht und wird sehr gut angenommen. Beim Tag der offenen T\u00fcr gab es nicht nur f\u00fcr die Kinder Spiel- und Unterhaltungsm\u00f6glichkeiten, auch die erwachsenen Besucher konnten sich bei Kaffee und leckeren selbstgebackenen Kuchen angeregt unterhalten, gebastelte Palmst\u00f6cke kaufen und in der Second-Hand-B\u00f6rse einkaufen. Der Erl\u00f6s dieser Aktion ist f\u00fcr die Gestaltung des neuen Spielplatzes der Arche Noah gedacht.<\/p>\n<p><a href=\"https:\/\/www.forum-soegel.de\/information\/wp-content\/uploads\/2010\/05\/Arche-Noah1.jpg\"><img loading=\"lazy\" decoding=\"async\" class=\"alignnone size-thumbnail wp-image-1937\" title=\"Arche Noah1\" src=\"https:\/\/www.forum-soegel.de\/information\/wp-content\/uploads\/2010\/05\/Arche-Noah1-150x150.jpg\" alt=\"\" width=\"150\" height=\"150\" \/><\/a>\u00a0 <a href=\"https:\/\/www.forum-soegel.de\/information\/wp-content\/uploads\/2010\/05\/Arche-Noah2.jpg\"><img loading=\"lazy\" decoding=\"async\" class=\"alignnone size-thumbnail wp-image-1938\" title=\"Arche Noah2\" src=\"https:\/\/www.forum-soegel.de\/information\/wp-content\/uploads\/2010\/05\/Arche-Noah2-150x150.jpg\" alt=\"\" width=\"150\" height=\"150\" \/><\/a>\u00a0 <a href=\"https:\/\/www.forum-soegel.de\/information\/wp-content\/uploads\/2010\/05\/Arche-Noah3.jpg\"><img loading=\"lazy\" decoding=\"async\" class=\"alignnone size-thumbnail wp-image-1939\" title=\"Arche Noah3\" src=\"https:\/\/www.forum-soegel.de\/information\/wp-content\/uploads\/2010\/05\/Arche-Noah3-150x150.jpg\" alt=\"\" width=\"150\" height=\"150\" \/><\/a><\/p>\n","protected":false},"excerpt":{"rendered":"Gut besucht war das ehemalige Schulgeb\u00e4ude in der von Steuben Stra\u00dfe zum Tag der offenen T\u00fcr. In den neu gestalteten R\u00e4umlichkeiten der Arche Noah sind zurzeit 2 Regelgruppen und 3 Krippengruppen eingerichtet. Die Kindertagesst\u00e4tte Arche Noah steht zwar auch unter der Tr\u00e4gerschaft der Katholischen Kirchengemeinde S\u00f6gel, wird jedoch als eigenst\u00e4ndige Einrichtung neben dem Familienzentrum St. [&hellip;]\n","protected":false},"author":2,"featured_media":0,"comment_status":"closed","ping_status":"closed","sticky":false,"template":"","format":"standard","meta":{"ngg_post_thumbnail":0,"footnotes":""},"categories":[3],"tags":[85],"class_list":["post-1931","post","type-post","status-publish","format-standard","hentry","category-aktuelles-aus-der-region","tag-arche-noah"],"_links":{"self":[{"href":"https:\/\/www.forum-soegel.de\/information\/wp-json\/wp\/v2\/posts\/1931","targetHints":{"allow":["GET"]}}],"collection":[{"href":"https:\/\/www.forum-soegel.de\/information\/wp-json\/wp\/v2\/posts"}],"about":[{"href":"https:\/\/www.forum-soegel.de\/information\/wp-json\/wp\/v2\/types\/post"}],"author":[{"embeddable":true,"href":"https:\/\/www.forum-soegel.de\/information\/wp-json\/wp\/v2\/users\/2"}],"replies":[{"embeddable":true,"href":"https:\/\/www.forum-soegel.de\/information\/wp-json\/wp\/v2\/comments?post=1931"}],"version-history":[{"count":3,"href":"https:\/\/www.forum-soegel.de\/information\/wp-json\/wp\/v2\/posts\/1931\/revisions"}],"predecessor-version":[{"id":1933,"href":"https:\/\/www.forum-soegel.de\/information\/wp-json\/wp\/v2\/posts\/1931\/revisions\/1933"}],"wp:attachment":[{"href":"https:\/\/www.forum-soegel.de\/information\/wp-json\/wp\/v2\/media?parent=1931"}],"wp:term":[{"taxonomy":"category","embeddable":true,"href":"https:\/\/www.forum-soegel.de\/information\/wp-json\/wp\/v2\/categories?post=1931"},{"taxonomy":"post_tag","embeddable":true,"href":"https:\/\/www.forum-soegel.de\/information\/wp-json\/wp\/v2\/tags?post=1931"}],"curies":[{"name":"wp","href":"https:\/\/api.w.org\/{rel}","templated":true}]}}