{"id":19305,"date":"2016-07-04T20:36:22","date_gmt":"2016-07-04T18:36:22","guid":{"rendered":"https:\/\/www.forum-soegel.de\/information\/?p=19305"},"modified":"2016-07-04T20:36:22","modified_gmt":"2016-07-04T18:36:22","slug":"%e2%80%9epilgern-im-namen-der-nachstenliebe%e2%80%9c","status":"publish","type":"post","link":"https:\/\/www.forum-soegel.de\/information\/2016\/07\/%e2%80%9epilgern-im-namen-der-nachstenliebe%e2%80%9c\/","title":{"rendered":"\u201ePilgern im Namen der N\u00e4chstenliebe\u201c"},"content":{"rendered":"<p style=\"text-align: left;\" align=\"center\"><strong>Malteser H\u00fcmmling bewirten Pilger am 7. August \u2013 Erl\u00f6s f\u00fcr Malawi\/Afrika<\/strong><\/p>\n<p><a href=\"https:\/\/www.forum-soegel.de\/information\/wp-content\/uploads\/2016\/07\/Pilgern1.jpg\"><img loading=\"lazy\" decoding=\"async\" class=\"alignleft size-medium wp-image-19307\" title=\"Pilgern1\" src=\"https:\/\/www.forum-soegel.de\/information\/wp-content\/uploads\/2016\/07\/Pilgern1-300x224.jpg\" alt=\"\" width=\"300\" height=\"224\" srcset=\"https:\/\/www.forum-soegel.de\/information\/wp-content\/uploads\/2016\/07\/Pilgern1-300x224.jpg 300w, https:\/\/www.forum-soegel.de\/information\/wp-content\/uploads\/2016\/07\/Pilgern1.jpg 352w\" sizes=\"auto, (max-width: 300px) 100vw, 300px\" \/><\/a>Wer Brunchen und Grillen liebt, Pilgern als Freizeitbesch\u00e4ftigung f\u00fcr sich nicht ausschlie\u00dft und nebenbei ein gutes Werk tun m\u00f6chte, der sollte sich Sonntag, den 7. August 2016 bereits jetzt in den Kalender eintragen. Der Malteser H\u00fcmmling organisiert einen Pilgertag mit Verk\u00f6stigung f\u00fcr den guten Zweck.<\/p>\n<p>Folgender Ablauf ist vorgesehen: Der Pilgertag\u00a0 startet mit einem \u00fcppigen Brunch, das der Pilger ab 8.00 Uhr bis 11.30 Uhr im Jakobushaus S\u00f6gel aufgebaut vorfindet. \u00dcber den ausgeschilderten\u00a0 Pilgerweg kann er einen Fu\u00dfmarsch \u00fcber Werpeloh bis nach B\u00f6rger nach seinem eigenen Wunsch und Rhythmus antreten. Auf dem Werpeloher Windberg wird ihm Eis oder ein erfrischendes Getr\u00e4nk am Reitplatz angeboten. Danach geht es durch den friedlichen Wald, vorbei am Feldkreuz \u201eUbben Kr\u00fc\u00df\u201c, \u00a0bis der Pilger nach 12 km das Heimathaus in B\u00f6rger erreicht hat. Dort werden von den Maltesern k\u00f6stliche Speisen vom Grill ab 11.30 Uhr angeboten.<\/p>\n<p>Ein regelm\u00e4\u00dfiger R\u00fccktransport nach S\u00f6gel\/Werpeloh wird durch den Fahrdienst der Malteser ab 12.00 Uhr an allen Standorten gew\u00e4hrleistet.<\/p>\n<p>Unterst\u00fctzen m\u00f6chte der Malteser H\u00fcmmling die Neugeborenstation im St. Gabriel\u2019s Hospital in Malawi. Dort arbeitet das den Maltesern bekannte Ehepaar Catherine und Dr. Klaus Flohr. Die aus Kenia stammende Krankenschwester und der Oberarzt der Frauenklinik am Marienhospital Osnabr\u00fcck sind dort f\u00fcr zwei Jahre in der Entwicklungshilfe in einem der \u00e4rmsten L\u00e4nder der Welt t\u00e4tig. Beide berichteten von der enormen Armut der Bev\u00f6lkerung und der hohen Sterblichkeitsrate, besonders bei Neugeborenen. \u00a0\u00a0\u00a0\u00a0\u00a0\u00a0\u00a0\u00a0\u00a0\u00a0\u00a0\u00a0\u00a0\u00a0\u00a0\u00a0\u00a0\u00a0\u00a0\u00a0\u00a0\u00a0Hier m\u00f6chte der Malteser H\u00fcmmling dem Ehepaar Flohr durch den Erl\u00f6s des Pilgertages eine Spende f\u00fcr die Neugeborenenstation zukommen lassen.<\/p>\n<p>Wer diese Aktion unterst\u00fctzen m\u00f6chte, der sollte sich im Vorverkauf eine Verpflegungskarte f\u00fcr das Brunchen in S\u00f6gel f\u00fcr 12,&#8211; \u20ac, \u00a0oder das Grillen am Heimathaus B\u00f6rger f\u00fcr 10,&#8211; \u20ac sichern. Der Malteser empfiehlt die attraktive Tageskarte, in der auch Eis und Getr\u00e4nke auf dem Windberg gleich enthalten sind, f\u00fcr 20,&#8211; \u20ac. Kinder bis 12 Jahren zahlen die H\u00e4lfte.<\/p>\n<p><strong>\u00a0<\/strong><\/p>\n<p><strong>Vorverkaufsstellen sind:<\/strong><\/p>\n<p>Malteser H\u00fcmmling, Ulmenstra\u00dfe 8, S\u00f6gel Tel.: 05952-9120<\/p>\n<p>Pfarrb\u00fcro St. Jakobus S\u00f6gel, Tel.: 05952-2951<\/p>\n<p>Pfarrb\u00fcro St.-Franziskus\/Gemeinde Werpeloh, Tel.: 05952-2990<\/p>\n<p>Pfarrb\u00fcro St.-Jakobus B\u00f6rger, Tel.: 05953-245<\/p>\n<p>Text\/Foto: Rita Hagenhoff<\/p>\n<p><a href=\"https:\/\/www.forum-soegel.de\/information\/wp-content\/uploads\/2016\/07\/Pilgern2.jpg\"><img loading=\"lazy\" decoding=\"async\" class=\"alignnone size-medium wp-image-19306\" title=\"Pilgern2\" src=\"https:\/\/www.forum-soegel.de\/information\/wp-content\/uploads\/2016\/07\/Pilgern2-300x200.jpg\" alt=\"\" width=\"300\" height=\"200\" srcset=\"https:\/\/www.forum-soegel.de\/information\/wp-content\/uploads\/2016\/07\/Pilgern2-300x200.jpg 300w, https:\/\/www.forum-soegel.de\/information\/wp-content\/uploads\/2016\/07\/Pilgern2.jpg 405w\" sizes=\"auto, (max-width: 300px) 100vw, 300px\" \/><\/a><\/p>\n","protected":false},"excerpt":{"rendered":"Malteser H\u00fcmmling bewirten Pilger am 7. August \u2013 Erl\u00f6s f\u00fcr Malawi\/Afrika Wer Brunchen und Grillen liebt, Pilgern als Freizeitbesch\u00e4ftigung f\u00fcr sich nicht ausschlie\u00dft und nebenbei ein gutes Werk tun m\u00f6chte, der sollte sich Sonntag, den 7. August 2016 bereits jetzt in den Kalender eintragen. Der Malteser H\u00fcmmling organisiert einen Pilgertag mit Verk\u00f6stigung f\u00fcr den guten [&hellip;]\n","protected":false},"author":2,"featured_media":0,"comment_status":"closed","ping_status":"closed","sticky":false,"template":"","format":"standard","meta":{"ngg_post_thumbnail":0,"footnotes":""},"categories":[868],"tags":[],"class_list":["post-19305","post","type-post","status-publish","format-standard","hentry","category-zwischen-himmel-und-erde"],"_links":{"self":[{"href":"https:\/\/www.forum-soegel.de\/information\/wp-json\/wp\/v2\/posts\/19305","targetHints":{"allow":["GET"]}}],"collection":[{"href":"https:\/\/www.forum-soegel.de\/information\/wp-json\/wp\/v2\/posts"}],"about":[{"href":"https:\/\/www.forum-soegel.de\/information\/wp-json\/wp\/v2\/types\/post"}],"author":[{"embeddable":true,"href":"https:\/\/www.forum-soegel.de\/information\/wp-json\/wp\/v2\/users\/2"}],"replies":[{"embeddable":true,"href":"https:\/\/www.forum-soegel.de\/information\/wp-json\/wp\/v2\/comments?post=19305"}],"version-history":[{"count":1,"href":"https:\/\/www.forum-soegel.de\/information\/wp-json\/wp\/v2\/posts\/19305\/revisions"}],"predecessor-version":[{"id":19308,"href":"https:\/\/www.forum-soegel.de\/information\/wp-json\/wp\/v2\/posts\/19305\/revisions\/19308"}],"wp:attachment":[{"href":"https:\/\/www.forum-soegel.de\/information\/wp-json\/wp\/v2\/media?parent=19305"}],"wp:term":[{"taxonomy":"category","embeddable":true,"href":"https:\/\/www.forum-soegel.de\/information\/wp-json\/wp\/v2\/categories?post=19305"},{"taxonomy":"post_tag","embeddable":true,"href":"https:\/\/www.forum-soegel.de\/information\/wp-json\/wp\/v2\/tags?post=19305"}],"curies":[{"name":"wp","href":"https:\/\/api.w.org\/{rel}","templated":true}]}}