{"id":19105,"date":"2016-06-06T20:55:22","date_gmt":"2016-06-06T18:55:22","guid":{"rendered":"https:\/\/www.forum-soegel.de\/information\/?p=19105"},"modified":"2016-06-06T20:55:22","modified_gmt":"2016-06-06T18:55:22","slug":"samtgemeinde-sogel-hat-sanierung-der-grundschule-borger-begonnen","status":"publish","type":"post","link":"https:\/\/www.forum-soegel.de\/information\/2016\/06\/samtgemeinde-sogel-hat-sanierung-der-grundschule-borger-begonnen\/","title":{"rendered":"Samtgemeinde S\u00f6gel hat Sanierung der Grundschule B\u00f6rger begonnen"},"content":{"rendered":"<p>B\u00f6rger &#8211; Als ihr gr\u00f6\u00dftes Bauprojekt des Jahres 2016 hat die Samtgemeinde S\u00f6gel mit der Kernsanierung der Grundschule in B\u00f6rger begonnen. Der Abriss der Geb\u00e4udeh\u00fclle der im Jahre 1967 errichteten Schule ist bereits erfolgt.<\/p>\n<p>Mit zu erwartenden Gesamtkosten in H\u00f6he von gut 1,3 Millionen Euro wird das Geb\u00e4ude entkernt und komplett neu aufgebaut. Mit einer neuen Au\u00dfenfassade werde die Grundschule auch energetisch auf den neuesten Stand gebracht, gab Samtgemeindeb\u00fcrgermeister G\u00fcnter Wigbers anl\u00e4sslich eines Pressetermins bei den Abrissarbeiten an der Grundschule bekannt. \u201eDie sanierte Grundschule wird dann den KfW-Effizienzhaus-Standard 70 einhalten und damit einen Jahresenergieverbrauch von nur 70 Prozent eines vergleichbaren Neubaus nach der ohnehin anspruchsvollen Energieeinsparverordnung aufweisen.\u201c Als Erg\u00e4nzung zum Geb\u00e4udekomplex werde die Grundschule mit einem neuen Mehrzweckraum ausgestattet. \u201eHier k\u00f6nnen k\u00fcnftig Gemeinschaftsveranstaltungen in modernen R\u00e4umlichkeiten stattfinden.\u201c<\/p>\n<p>Wigbers beziffert die Bauzeit mit etwa 15 Monaten. Bereits im Februar dieses Jahres sind die Grundsch\u00fcler in die ehemalige Hauptschule in der Ortsmitte eingezogen. Diese war wegen mangelnder Sch\u00fclerzahlen bereits im Sommer letzten Jahres geschlossen worden. Schulleiter Christian Schr\u00f6er freut sich, dass der Unterricht ohne Einschr\u00e4nkungen fortgef\u00fchrt werden kann: \u201eDer Umzug zur alten Hauptschule ist dank vieler Helfer reibungslos verlaufen. Wir k\u00f6nnen f\u00fcr den \u00dcbergang ausreichend ausgestattete R\u00e4umlichkeiten in Anspruch nehmen. Zum Sommer 2017 k\u00f6nnen die Grundsch\u00fcler zum alten Standort zur\u00fcckkehren, und freuen sich auf ein komplett modernisiertes Schulgeb\u00e4ude.\u201c<\/p>\n<p>\u201eDie Grundschule in B\u00f6rger ist mit fast durchg\u00e4ngig zweiz\u00fcgigen Jahrg\u00e4ngen dauerhaft gesichert\u201c, untermauerte Wigbers die Nachhaltigkeit der Bauma\u00dfnahme. Die Gemeinde B\u00f6rger beteiligt sich nach Angaben von B\u00fcrgermeister Hermann W\u00f6ste am neu zu schaffenden Mehrzweckraum mit einem 50%-igen Anteil der Baukosten und somit einem Zuschuss in H\u00f6he von 150.000 Euro. Dar\u00fcber hinaus erwartet die Samtgemeinde 168.500 \u20ac aus Bundes- und Landesmitteln. Zus\u00e4tzlich sei f\u00fcr das Jahr 2017 ein Zuschuss aus der Kreisschulbaukasse in H\u00f6he von ca. 133.300 \u20ac zu erwarten.<\/p>\n<p>Derweil arbeiten Gemeinde und Samtgemeinde an einer Folgenutzung f\u00fcr das ab Sommer 2017 leerstehende ehemalige Hauptschulgeb\u00e4ude in der Ortsmitte von B\u00f6rger. Die Samtgemeinde S\u00f6gel hat angek\u00fcndigt, das Projekt f\u00fcr das St\u00e4dtebauf\u00f6rderprogramm \u201eKleine St\u00e4dte und Gemeinden\u201c des Bundes und Landes f\u00fcr das Programm 2017 anzumelden. Im Jahr 2016 war die Samtgemeinde aus diesem Topf mit 300.000 Euro bedacht worden. Dieses Geld flie\u00dft nach entsprechender Vorarbeit durch die Kommunen in Projekte in H\u00fcven und Stavern.<\/p>\n<p>Text\/Foto: Ingrid Cloppenburg<\/p>\n<div id=\"attachment_19106\" style=\"width: 310px\" class=\"wp-caption alignnone\"><a href=\"https:\/\/www.forum-soegel.de\/information\/wp-content\/uploads\/2016\/06\/NUR-INTERNET-Samtgemeinde-S\u00f6gel-hat-Sanierung-der-Grundschule-B\u00f6rger-begonnen.jpg\"><img loading=\"lazy\" decoding=\"async\" aria-describedby=\"caption-attachment-19106\" class=\"size-medium wp-image-19106\" title=\"NUR INTERNET!!! Samtgemeinde S\u00f6gel hat Sanierung der Grundschule B\u00f6rger begonnen\" src=\"https:\/\/www.forum-soegel.de\/information\/wp-content\/uploads\/2016\/06\/NUR-INTERNET-Samtgemeinde-S\u00f6gel-hat-Sanierung-der-Grundschule-B\u00f6rger-begonnen-300x225.jpg\" alt=\"\" width=\"300\" height=\"225\" srcset=\"https:\/\/www.forum-soegel.de\/information\/wp-content\/uploads\/2016\/06\/NUR-INTERNET-Samtgemeinde-S\u00f6gel-hat-Sanierung-der-Grundschule-B\u00f6rger-begonnen-300x225.jpg 300w, https:\/\/www.forum-soegel.de\/information\/wp-content\/uploads\/2016\/06\/NUR-INTERNET-Samtgemeinde-S\u00f6gel-hat-Sanierung-der-Grundschule-B\u00f6rger-begonnen-1024x768.jpg 1024w\" sizes=\"auto, (max-width: 300px) 100vw, 300px\" \/><\/a><p id=\"caption-attachment-19106\" class=\"wp-caption-text\">Auf ein vollst\u00e4ndig saniertes Grundschulgeb\u00e4ude d\u00fcrfen sich die Sch\u00fclerinnen und Sch\u00fcler der Grundschule B\u00f6rger freuen. Die Bauarbeiten haben begonnen und sollen im Sommer 2017 abgeschlossen sein. Unser Foto zeigt v.l. Samtgemeindeb\u00fcrgermeister G\u00fcnter Wigbers, Hubert Jansen von der Gemeinde B\u00f6rger, B\u00fcrgermeister Hermann W\u00f6ste, Bauunternehmer Arnd Sievers und Werner Jansen vom Fachbereich Bauwesen der Samtgemeinde S\u00f6gel. Foto: Samtgemeinde S\u00f6gel<\/p><\/div>\n<p>&nbsp;<\/p>\n","protected":false},"excerpt":{"rendered":"B\u00f6rger &#8211; Als ihr gr\u00f6\u00dftes Bauprojekt des Jahres 2016 hat die Samtgemeinde S\u00f6gel mit der Kernsanierung der Grundschule in B\u00f6rger begonnen. Der Abriss der Geb\u00e4udeh\u00fclle der im Jahre 1967 errichteten Schule ist bereits erfolgt. Mit zu erwartenden Gesamtkosten in H\u00f6he von gut 1,3 Millionen Euro wird das Geb\u00e4ude entkernt und komplett neu aufgebaut. Mit einer [&hellip;]\n","protected":false},"author":2,"featured_media":0,"comment_status":"closed","ping_status":"closed","sticky":false,"template":"","format":"standard","meta":{"ngg_post_thumbnail":0,"footnotes":""},"categories":[3],"tags":[],"class_list":["post-19105","post","type-post","status-publish","format-standard","hentry","category-aktuelles-aus-der-region"],"_links":{"self":[{"href":"https:\/\/www.forum-soegel.de\/information\/wp-json\/wp\/v2\/posts\/19105","targetHints":{"allow":["GET"]}}],"collection":[{"href":"https:\/\/www.forum-soegel.de\/information\/wp-json\/wp\/v2\/posts"}],"about":[{"href":"https:\/\/www.forum-soegel.de\/information\/wp-json\/wp\/v2\/types\/post"}],"author":[{"embeddable":true,"href":"https:\/\/www.forum-soegel.de\/information\/wp-json\/wp\/v2\/users\/2"}],"replies":[{"embeddable":true,"href":"https:\/\/www.forum-soegel.de\/information\/wp-json\/wp\/v2\/comments?post=19105"}],"version-history":[{"count":1,"href":"https:\/\/www.forum-soegel.de\/information\/wp-json\/wp\/v2\/posts\/19105\/revisions"}],"predecessor-version":[{"id":19107,"href":"https:\/\/www.forum-soegel.de\/information\/wp-json\/wp\/v2\/posts\/19105\/revisions\/19107"}],"wp:attachment":[{"href":"https:\/\/www.forum-soegel.de\/information\/wp-json\/wp\/v2\/media?parent=19105"}],"wp:term":[{"taxonomy":"category","embeddable":true,"href":"https:\/\/www.forum-soegel.de\/information\/wp-json\/wp\/v2\/categories?post=19105"},{"taxonomy":"post_tag","embeddable":true,"href":"https:\/\/www.forum-soegel.de\/information\/wp-json\/wp\/v2\/tags?post=19105"}],"curies":[{"name":"wp","href":"https:\/\/api.w.org\/{rel}","templated":true}]}}