{"id":19088,"date":"2016-06-06T20:47:33","date_gmt":"2016-06-06T18:47:33","guid":{"rendered":"https:\/\/www.forum-soegel.de\/information\/?p=19088"},"modified":"2016-06-06T20:47:33","modified_gmt":"2016-06-06T18:47:33","slug":"baustart-fur-zweites-mehrfamilienhaus","status":"publish","type":"post","link":"https:\/\/www.forum-soegel.de\/information\/2016\/06\/baustart-fur-zweites-mehrfamilienhaus\/","title":{"rendered":"Baustart f\u00fcr zweites Mehrfamilienhaus"},"content":{"rendered":"<p style=\"text-align: left;\" align=\"center\"><strong>In diesem Jahr werden zwei Bauprojekte fertig &#8211;\u00a0 \u201eBezahlbaren Wohnraum schaffen\u201c<\/strong><\/p>\n<p>S\u00f6gel &#8211; Mit dem Bau des zweiten Mehrfamilienhauses hat die S\u00f6geler B\u00fcrgergenossenschaft in diesen Tagen in der Von-Steuben-Stra\u00dfe begonnen. Auf einem gut 1.500 Quadratmeter gro\u00dfen Grundst\u00fcck, das die Gemeinde als Anteil in die B\u00fcrgergenossenschaft gegeben hat, entsteht zurzeit ein Achtfamilienhaus.<\/p>\n<p>\u201eAuch wenn der Fl\u00fcchtlingszustrom deutlich r\u00fcckl\u00e4ufig ist, herrscht nach wie vor gro\u00dfer Wohnungsmangel in unserer Samtgemeinde\u201c, so Samtgemeindeb\u00fcrgermeister G\u00fcnter Wigbers. Deshalb unterst\u00fctzen Gemeinde und Landkreis einen z\u00fcgigen Baufortschritt. Im Herbst 2016 soll die Wohneinheit laut Architekten Claudia Kleine und Stefan Knipper fertig sein.<\/p>\n<p>Den Bau von drei Wohnobjekten in der Gemeinde S\u00f6gel hat sich die B\u00fcrgergenossenschaft als Ziel gesetzt.<\/p>\n<p>Bereits zu Beginn des Jahres wurde mit dem Bau eines Wohnhauses an der Sigiltrastra\u00dfe begonnen. Hier rechnen die Akteure mit einer Fertigstellung im Sommer 2016. \u201eIch freue mich, wenn wir im Sommer die ersten Wohnungen an bed\u00fcrftige Personen und Familien zur Verf\u00fcgung stellen k\u00f6nnen\u201c, sagt B\u00fcrgermeisterin und Vorstand der Genossenschaft, Irmgard Welling. \u201eLetztendlich werden wir jedenfalls ansatzweise zur Entspannung des Wohnungsmarktes beitragen; und wir wollen f\u00fcr bezahlbaren Wohnraum sorgen.\u201c<\/p>\n<p>Das dritte geplante Bauprojekt wird ebenfalls im Ortskern stehen. \u201eHier wurde uns ein Grundst\u00fcck von einer Privatperson aus S\u00f6gel direkt am neuen Kreisel in der Ber\u00dfener Stra\u00dfe angeboten\u201c, freut sich Franz Klawitter, ebenfalls Vorstand der B\u00fcrgergenossenschaft. 246 Genossen hat \u201eWillkommen in S\u00f6gel eG \u2013 B\u00fcrgergenossenschaft f\u00fcr Menschen in Not\u201c \u2013 so der volle Name \u2013 bis jetzt. Seit der Gr\u00fcndung im September 2015 sei inzwischen eine Summe von 1,194.200 Millionen Euro zusammen gekommen. Die Kreditanstalt f\u00fcr Wiederaufbau habe der B\u00fcrgergenossenschaft \u00fcber die Samtgemeinde S\u00f6gel ein zinsloses Darlehn von 1,4 Millionen Euro bewilligt, so Klawitter.<\/p>\n<p>Text\/Foto: Gemeinde S\u00f6gel<\/p>\n<p>&nbsp;<\/p>\n<div id=\"attachment_19089\" style=\"width: 310px\" class=\"wp-caption alignnone\"><a href=\"https:\/\/www.forum-soegel.de\/information\/wp-content\/uploads\/2016\/06\/NUR-INTERNET-Baustart-f\u00fcr-zweites-Mehrfamilienhaus.jpg\"><img loading=\"lazy\" decoding=\"async\" aria-describedby=\"caption-attachment-19089\" class=\"size-medium wp-image-19089\" title=\"NUR INTERNET!!! Baustart f\u00fcr zweites Mehrfamilienhaus\" src=\"https:\/\/www.forum-soegel.de\/information\/wp-content\/uploads\/2016\/06\/NUR-INTERNET-Baustart-f\u00fcr-zweites-Mehrfamilienhaus-300x225.jpg\" alt=\"\" width=\"300\" height=\"225\" srcset=\"https:\/\/www.forum-soegel.de\/information\/wp-content\/uploads\/2016\/06\/NUR-INTERNET-Baustart-f\u00fcr-zweites-Mehrfamilienhaus-300x225.jpg 300w, https:\/\/www.forum-soegel.de\/information\/wp-content\/uploads\/2016\/06\/NUR-INTERNET-Baustart-f\u00fcr-zweites-Mehrfamilienhaus-1024x768.jpg 1024w\" sizes=\"auto, (max-width: 300px) 100vw, 300px\" \/><\/a><p id=\"caption-attachment-19089\" class=\"wp-caption-text\">Bereits mit dem Bau eines zweiten Wohnhauses konnte die B\u00fcrgergenossenschaft in diesen Wochen beginnen. Vor Ort waren Franz Klawitter (von links), Claudia Kleine, Stefan Knipper, Irmgard Welling und G\u00fcnter Wigbers.<\/p><\/div>\n","protected":false},"excerpt":{"rendered":"In diesem Jahr werden zwei Bauprojekte fertig &#8211;\u00a0 \u201eBezahlbaren Wohnraum schaffen\u201c S\u00f6gel &#8211; Mit dem Bau des zweiten Mehrfamilienhauses hat die S\u00f6geler B\u00fcrgergenossenschaft in diesen Tagen in der Von-Steuben-Stra\u00dfe begonnen. Auf einem gut 1.500 Quadratmeter gro\u00dfen Grundst\u00fcck, das die Gemeinde als Anteil in die B\u00fcrgergenossenschaft gegeben hat, entsteht zurzeit ein Achtfamilienhaus. \u201eAuch wenn der Fl\u00fcchtlingszustrom [&hellip;]\n","protected":false},"author":2,"featured_media":0,"comment_status":"closed","ping_status":"closed","sticky":false,"template":"","format":"standard","meta":{"ngg_post_thumbnail":0,"footnotes":""},"categories":[3],"tags":[],"class_list":["post-19088","post","type-post","status-publish","format-standard","hentry","category-aktuelles-aus-der-region"],"_links":{"self":[{"href":"https:\/\/www.forum-soegel.de\/information\/wp-json\/wp\/v2\/posts\/19088","targetHints":{"allow":["GET"]}}],"collection":[{"href":"https:\/\/www.forum-soegel.de\/information\/wp-json\/wp\/v2\/posts"}],"about":[{"href":"https:\/\/www.forum-soegel.de\/information\/wp-json\/wp\/v2\/types\/post"}],"author":[{"embeddable":true,"href":"https:\/\/www.forum-soegel.de\/information\/wp-json\/wp\/v2\/users\/2"}],"replies":[{"embeddable":true,"href":"https:\/\/www.forum-soegel.de\/information\/wp-json\/wp\/v2\/comments?post=19088"}],"version-history":[{"count":1,"href":"https:\/\/www.forum-soegel.de\/information\/wp-json\/wp\/v2\/posts\/19088\/revisions"}],"predecessor-version":[{"id":19090,"href":"https:\/\/www.forum-soegel.de\/information\/wp-json\/wp\/v2\/posts\/19088\/revisions\/19090"}],"wp:attachment":[{"href":"https:\/\/www.forum-soegel.de\/information\/wp-json\/wp\/v2\/media?parent=19088"}],"wp:term":[{"taxonomy":"category","embeddable":true,"href":"https:\/\/www.forum-soegel.de\/information\/wp-json\/wp\/v2\/categories?post=19088"},{"taxonomy":"post_tag","embeddable":true,"href":"https:\/\/www.forum-soegel.de\/information\/wp-json\/wp\/v2\/tags?post=19088"}],"curies":[{"name":"wp","href":"https:\/\/api.w.org\/{rel}","templated":true}]}}