{"id":19079,"date":"2016-06-06T20:41:06","date_gmt":"2016-06-06T18:41:06","guid":{"rendered":"https:\/\/www.forum-soegel.de\/information\/?p=19079"},"modified":"2016-06-06T20:41:06","modified_gmt":"2016-06-06T18:41:06","slug":"weihnachtsmarktfahrt-nach-munster","status":"publish","type":"post","link":"https:\/\/www.forum-soegel.de\/information\/2016\/06\/weihnachtsmarktfahrt-nach-munster\/","title":{"rendered":"Weihnachtsmarktfahrt nach M\u00fcnster"},"content":{"rendered":"<p>S\u00f6gel \u2013 Die Tourist-Information S\u00f6gel bietet erneut eine Fahrt zum Weihnachtsmarkt an &#8211; diesmal geht es nach M\u00fcnster.<\/p>\n<p>Nachdem 2015 die Weihnachtsmarktfahrt\u00a0 nach Bremen ein voller Erfolg war und die Teilnehmer nach einem erlebnisreichen Tag einstimmig f\u00fcr eine Wiederholung pl\u00e4dierten, gibt es auch in diesem Jahr wieder eine Fahrt.<\/p>\n<p>Das diesj\u00e4hrige Ziel ist M\u00fcnster mit seinen f\u00fcnf Weihnachtsm\u00e4rkten.\u00a0 Insgesamt laden rund 300 St\u00e4nde zum Bummeln und genie\u00dfen ein.<\/p>\n<p>Am Samstag, dem 10.12.2016 starten wir um 08.00 Uhr am Rathaus in S\u00f6gel. Unterwegs gibt es Kaffee und Br\u00f6tchen f\u00fcr eine kleine St\u00e4rkung am Morgen.<\/p>\n<p>In M\u00fcnster starten wir mit einer kleinen Stadtrundfahrt, in der wir vieles sehen und erleben werden. So passieren wir neben dem ehemaligen f\u00fcrstbisch\u00f6flichen Residenzschloss von Johann Conrad Schlaun, welches heute die Universit\u00e4t beherbergt,\u00a0 auch den mittelalterlichen Buddenturm, die Gr\u00fcnderzeitbauten des Kreuzviertels und noch vieles mehr.<\/p>\n<p>Anschlie\u00dfend geht es in die Altstadt mit den verschiedenen einladenden Weihnachtsm\u00e4rkten. Hier kann jeder die Zeit zu seiner freien Vergn\u00fcgung nutzen.<\/p>\n<p>Um ca. 17.00 Uhr begeben wir uns auf den Heimweg. Unterwegs halten wir an, um bei einem leckeren Abendessen in Buffetform den Tag in geselliger Runde Revue passieren zu lassen, bevor es wieder Richtung S\u00f6gel geht.<\/p>\n<p>Der Preis pro Person betr\u00e4gt 45,00 \u20ac. Anmeldungen sind erforderlich und werden ab sofort bei der Tourist-Information S\u00f6gel unter der Telefonnummer: 05952-206400 oder unter <a href=\"mailto:tourist-info@soegel.de\">tourist-info@soegel.de<\/a> entgegengenommen. Die Mindestteilnehmerzahl betr\u00e4gt 30 Personen.<\/p>\n<p>Text: Heidrun Langen<\/p>\n","protected":false},"excerpt":{"rendered":"S\u00f6gel \u2013 Die Tourist-Information S\u00f6gel bietet erneut eine Fahrt zum Weihnachtsmarkt an &#8211; diesmal geht es nach M\u00fcnster. Nachdem 2015 die Weihnachtsmarktfahrt\u00a0 nach Bremen ein voller Erfolg war und die Teilnehmer nach einem erlebnisreichen Tag einstimmig f\u00fcr eine Wiederholung pl\u00e4dierten, gibt es auch in diesem Jahr wieder eine Fahrt. Das diesj\u00e4hrige Ziel ist M\u00fcnster mit [&hellip;]\n","protected":false},"author":2,"featured_media":0,"comment_status":"closed","ping_status":"closed","sticky":false,"template":"","format":"standard","meta":{"ngg_post_thumbnail":0,"footnotes":""},"categories":[3],"tags":[],"class_list":["post-19079","post","type-post","status-publish","format-standard","hentry","category-aktuelles-aus-der-region"],"_links":{"self":[{"href":"https:\/\/www.forum-soegel.de\/information\/wp-json\/wp\/v2\/posts\/19079","targetHints":{"allow":["GET"]}}],"collection":[{"href":"https:\/\/www.forum-soegel.de\/information\/wp-json\/wp\/v2\/posts"}],"about":[{"href":"https:\/\/www.forum-soegel.de\/information\/wp-json\/wp\/v2\/types\/post"}],"author":[{"embeddable":true,"href":"https:\/\/www.forum-soegel.de\/information\/wp-json\/wp\/v2\/users\/2"}],"replies":[{"embeddable":true,"href":"https:\/\/www.forum-soegel.de\/information\/wp-json\/wp\/v2\/comments?post=19079"}],"version-history":[{"count":1,"href":"https:\/\/www.forum-soegel.de\/information\/wp-json\/wp\/v2\/posts\/19079\/revisions"}],"predecessor-version":[{"id":19080,"href":"https:\/\/www.forum-soegel.de\/information\/wp-json\/wp\/v2\/posts\/19079\/revisions\/19080"}],"wp:attachment":[{"href":"https:\/\/www.forum-soegel.de\/information\/wp-json\/wp\/v2\/media?parent=19079"}],"wp:term":[{"taxonomy":"category","embeddable":true,"href":"https:\/\/www.forum-soegel.de\/information\/wp-json\/wp\/v2\/categories?post=19079"},{"taxonomy":"post_tag","embeddable":true,"href":"https:\/\/www.forum-soegel.de\/information\/wp-json\/wp\/v2\/tags?post=19079"}],"curies":[{"name":"wp","href":"https:\/\/api.w.org\/{rel}","templated":true}]}}