{"id":19077,"date":"2016-06-06T20:40:09","date_gmt":"2016-06-06T18:40:09","guid":{"rendered":"https:\/\/www.forum-soegel.de\/information\/?p=19077"},"modified":"2016-06-06T20:40:09","modified_gmt":"2016-06-06T18:40:09","slug":"sommer-rock-2016-in-spahnharrenstatte-am-09-07-2016","status":"publish","type":"post","link":"https:\/\/www.forum-soegel.de\/information\/2016\/06\/sommer-rock-2016-in-spahnharrenstatte-am-09-07-2016\/","title":{"rendered":"Sommer-Rock 2016 in Spahnharrenst\u00e4tte am 09.07.2016"},"content":{"rendered":"<p style=\"text-align: left;\" align=\"center\"><strong>Vorverkauf ab dem 27.05.16<\/strong><\/p>\n<p style=\"text-align: left;\">Spahnharrenst\u00e4tte &#8211; Auch in 2016 wird es wieder ein Sommer-Rock- Konzert geben. Am 09.07.16 findet das 3. Spahnharrenst\u00e4tter Open-Air-Konzert wieder an der Hauptstra\u00dfe 41 statt. Der Einlass beginnt um 18.30 Uhr, die erste Band wird um 19.00 Uhr spielen. Die Eintrittskarten k\u00f6nnen im Vorverkauf f\u00fcr 12,50 \u20ac oder an der Abendkasse f\u00fcr 15,00 \u20ac erworben werden.<\/p>\n<p>Der Verein Kultur-Gut konnte wiederum tolle Bands gewinnen, darunter Wolftone aus Holland mit Garage Rock sowie Audiowolf aus Oldenburg, die mit ihrem Deb\u00fct-Album \u201eLighting the Fuse\u201d den unerbittlichen Weg durch die Musikgeschichte beschreiten \u2013 von 70er\u00a0 Rock bis 90er Grunge. Und nat\u00fcrlich wieder unsere Bands vom H\u00fcmmling.<\/p>\n<p>Ein Teil des Erl\u00f6ses soll auch in diesem Jahr wieder gespendet werden. In diesem Jahr an BELU Ugandahilfe e.V.\u00a0 (www.belu-ugandahilfe.de)<\/p>\n<p>Bernd Rickermann aus Ahmsen und Ludwig Wilkens aus Lorup sind seit 2010 in Afrika \/ Uganda t\u00e4tig. Beide waren des \u00d6fteren dort und kennen das Leid der Bev\u00f6lkerung. Aktuell sind sie jetzt dabei, Brunnen zu bohren und im Dorf die Wasserversorgung zu verbessern.<\/p>\n<p>Dieses Projekt wollen wir mit unserem Sommerrock 2016 kr\u00e4ftig unterst\u00fctzen. Seid dabei!<\/p>\n<p>Text\/Foto: Manuela Dr\u00f6ge<\/p>\n<p>&nbsp;<\/p>\n","protected":false},"excerpt":{"rendered":"Vorverkauf ab dem 27.05.16 Spahnharrenst\u00e4tte &#8211; Auch in 2016 wird es wieder ein Sommer-Rock- Konzert geben. Am 09.07.16 findet das 3. Spahnharrenst\u00e4tter Open-Air-Konzert wieder an der Hauptstra\u00dfe 41 statt. Der Einlass beginnt um 18.30 Uhr, die erste Band wird um 19.00 Uhr spielen. Die Eintrittskarten k\u00f6nnen im Vorverkauf f\u00fcr 12,50 \u20ac oder an der Abendkasse [&hellip;]\n","protected":false},"author":2,"featured_media":0,"comment_status":"closed","ping_status":"closed","sticky":false,"template":"","format":"standard","meta":{"ngg_post_thumbnail":0,"footnotes":""},"categories":[3],"tags":[],"class_list":["post-19077","post","type-post","status-publish","format-standard","hentry","category-aktuelles-aus-der-region"],"_links":{"self":[{"href":"https:\/\/www.forum-soegel.de\/information\/wp-json\/wp\/v2\/posts\/19077","targetHints":{"allow":["GET"]}}],"collection":[{"href":"https:\/\/www.forum-soegel.de\/information\/wp-json\/wp\/v2\/posts"}],"about":[{"href":"https:\/\/www.forum-soegel.de\/information\/wp-json\/wp\/v2\/types\/post"}],"author":[{"embeddable":true,"href":"https:\/\/www.forum-soegel.de\/information\/wp-json\/wp\/v2\/users\/2"}],"replies":[{"embeddable":true,"href":"https:\/\/www.forum-soegel.de\/information\/wp-json\/wp\/v2\/comments?post=19077"}],"version-history":[{"count":1,"href":"https:\/\/www.forum-soegel.de\/information\/wp-json\/wp\/v2\/posts\/19077\/revisions"}],"predecessor-version":[{"id":19078,"href":"https:\/\/www.forum-soegel.de\/information\/wp-json\/wp\/v2\/posts\/19077\/revisions\/19078"}],"wp:attachment":[{"href":"https:\/\/www.forum-soegel.de\/information\/wp-json\/wp\/v2\/media?parent=19077"}],"wp:term":[{"taxonomy":"category","embeddable":true,"href":"https:\/\/www.forum-soegel.de\/information\/wp-json\/wp\/v2\/categories?post=19077"},{"taxonomy":"post_tag","embeddable":true,"href":"https:\/\/www.forum-soegel.de\/information\/wp-json\/wp\/v2\/tags?post=19077"}],"curies":[{"name":"wp","href":"https:\/\/api.w.org\/{rel}","templated":true}]}}