{"id":19074,"date":"2016-06-01T20:37:05","date_gmt":"2016-06-01T18:37:05","guid":{"rendered":"https:\/\/www.forum-soegel.de\/information\/?p=19074"},"modified":"2016-06-06T20:38:48","modified_gmt":"2016-06-06T18:38:48","slug":"rosenfest-auf-schloss-clemenswerth-2","status":"publish","type":"post","link":"https:\/\/www.forum-soegel.de\/information\/2016\/06\/rosenfest-auf-schloss-clemenswerth-2\/","title":{"rendered":"Rosenfest auf Schloss Clemenswerth"},"content":{"rendered":"<p style=\"text-align: left;\" align=\"center\"><strong>Mit ZDF-Fernsehg\u00e4rtner Elmar Mai<\/strong><\/p>\n<p style=\"text-align: left;\" align=\"center\"><img loading=\"lazy\" decoding=\"async\" class=\"alignleft size-full wp-image-17258\" title=\"Schloss Clemenswerth\" src=\"https:\/\/www.forum-soegel.de\/information\/wp-content\/uploads\/2015\/09\/Schloss-Clemenswerth.jpg\" alt=\"\" width=\"201\" height=\"130\" \/><strong><\/strong>S\u00f6gel &#8211; Am 1. Wochenende im Juni (4.\/5.06.) findet zum vierten Mal auf Schloss Clemenswerth das Rosenfest statt und verwandelt die Schlossanlage von jeweils 10 bis 18 Uhr in einen Garten- und Kunsthandwerkermarkt. Wie kaum eine andere Blume passt die Rose zum Barock. Insbesondere im 18. Jahrhundert, der Entstehungszeit der Schlossanlage (1737 \u2013 1747), l\u00f6ste sie eine wahre Begeisterungswelle aus. Mit ihrem intensiven Duft, den zarten Bl\u00fcten, aber auch spitzen Stacheln, vereint sie das gegens\u00e4tzliche Lebensgef\u00fchl jener Zeit. Von ihrer Anziehungskraft hat die Rose bis heute nichts verloren.<\/p>\n<p align=\"left\">So passt ein Fest rund um die K\u00f6nigin der Blumen, das zum Bummeln, Entdecken und Verweilen einl\u00e4dt, sehr gut nach Schloss Clemenswerth. 80 Aussteller, und damit 20 mehr als im Vorjahr, bieten Pflanzen und Produkte rund um die Rose, aber auch N\u00fctzliches und Sch\u00f6nes f\u00fcr die Gartensaison sowie hochwertiges Kunsthandwerk wie Schmuck und Mode. Mit einer Vielzahl von alten und neuen Rosensorten, Gartenger\u00e4ten, Pflanzgef\u00e4\u00dfen, aber auch Wohnideen f\u00fcr Haus und Garten wird der Markt nicht nur f\u00fcr Rosenfreunde eine wahre Fundgrube sein. F\u00fcr schwere und unhandliche Ware steht ein Shuttle-Service bereit. Besonderer Gast an beiden Markttagen ist \u00a0-dank der Firma Schomaker &#8211; der aus dem ZDF-Fernsehen bekannte Gartenexperte Elmar Mai mit zwei spannenden Vortr\u00e4gen rund um die Rose.<\/p>\n<p align=\"left\">In dem ersten Vortrag erwartet Besucher ein heiterer Streifzug durch die Historie der sch\u00f6nen Blume, der zweite ist eher praktischer Natur. U.a. beantwortet Mai, wie man einen Rosengarten anlegt. Heilpflanzenexpertin Petra Walker kann bei der Herstellung von u.a. Rosenbl\u00fcten-Lippenpflege \u00fcber die Schulter geschaut werden. Musik, Schlossbesichtigungen und ein Basteltisch f\u00fcr Kinder runden das Wochenende ab. Auch f\u00fcr das leibliche Wohl wird gesorgt.<\/p>\n<p align=\"left\">Es gilt der regul\u00e4re Museumseintritt (Erwachsene 6 \u20ac, erm\u00e4\u00dfigt. 3 \u20ac, Familien 14 \u20ac). Besitzer der Saisonkarte (12 \u20ac) haben kostenfreien Zutritt. Aufgrund der zu erwartenden Besucherresonanz gilt f\u00fcr das gesamte Wochenende im Ort S\u00f6gel eine ge\u00e4nderte Verkehrsf\u00fchrung. Ausreichend kostenlose Parkpl\u00e4tze stehen zur Verf\u00fcgung. Zugleich ist in S\u00f6gel verkaufsoffener Sonntag. Alle Informationen zu Ausstellern, Programm und Verkehrsf\u00fchrung unter www.clemenswerth.de.<\/p>\n<p align=\"left\">Rahmenprogramm<\/p>\n<p align=\"left\">Samstag,04.06. (Markt\u00f6ffnung 10 \u2013 18 Uhr)<\/p>\n<p align=\"left\">13 Uhr: offizielle Begr\u00fc\u00dfung mit Hermann Br\u00f6ring, Gitta Connemann (MdB),<\/p>\n<p align=\"left\">Irmgard Welling und Oliver Fok sowie<\/p>\n<p align=\"left\">Musik und Tanz von der Bernhardschule S\u00f6gel<\/p>\n<p align=\"left\">14 Uhr: Elmar Mai \u2013 Vortrag \u201eEin heiterer Streifzug durch die Historie der<\/p>\n<p align=\"left\">sch\u00f6nsten Blume der Welt\u201c<\/p>\n<p align=\"left\">15 Uhr: Petra Walker \u2013 Kleine Kr\u00e4utermanufaktur<\/p>\n<p align=\"left\">16 Uhr: Elmar Mai \u2013 Vortrag \u201eWas w\u00e4re ein Garten ohne Rosen?\u201c<\/p>\n<p align=\"left\">\n<p align=\"left\">Sonntag, 05.06. (Markt\u00f6ffnung 10 \u2013 18 Uhr)<\/p>\n<p align=\"left\">12 Uhr: Elmar Mai \u2013 Vortrag \u201eEin heiterer Streifzug durch die Historie der<\/p>\n<p align=\"left\">sch\u00f6nsten Blume der Welt\u201c<\/p>\n<p align=\"left\">13 Uhr: Petra Walker \u2013 Kleine Kr\u00e4utermanufaktur<\/p>\n<p align=\"left\">14 Uhr: Elmar Mai \u2013 Vortrag \u201eWas w\u00e4re ein Garten ohne Rosen?\u201c<\/p>\n<p align=\"left\">15 Uhr: Stanley van Sprang \u2013 Lounge-Musik<\/p>\n<p align=\"left\">15 Uhr: Petra Walker \u2013 Kleine Kr\u00e4utermanufaktur<\/p>\n<p align=\"left\">\n<p align=\"left\">An beiden Tagen: Basteltisch, Schlossbesichtigungen<\/p>\n<p align=\"left\">Text: Ramona Krons \/ Foto: Emslandmuseum Schloss Clemenswerth<\/p>\n<p align=\"left\"><a href=\"https:\/\/www.forum-soegel.de\/information\/wp-content\/uploads\/2016\/06\/Rosenfest-auf-Schloss-Clemenswerth.jpg\"><img loading=\"lazy\" decoding=\"async\" class=\"alignnone size-medium wp-image-19075\" title=\"Rosenfest auf Schloss Clemenswerth\" src=\"https:\/\/www.forum-soegel.de\/information\/wp-content\/uploads\/2016\/06\/Rosenfest-auf-Schloss-Clemenswerth-300x298.jpg\" alt=\"\" width=\"300\" height=\"298\" srcset=\"https:\/\/www.forum-soegel.de\/information\/wp-content\/uploads\/2016\/06\/Rosenfest-auf-Schloss-Clemenswerth-300x298.jpg 300w, https:\/\/www.forum-soegel.de\/information\/wp-content\/uploads\/2016\/06\/Rosenfest-auf-Schloss-Clemenswerth-150x150.jpg 150w, https:\/\/www.forum-soegel.de\/information\/wp-content\/uploads\/2016\/06\/Rosenfest-auf-Schloss-Clemenswerth.jpg 772w\" sizes=\"auto, (max-width: 300px) 100vw, 300px\" \/><\/a><\/p>\n<p align=\"left\">\n<p align=\"left\">\n","protected":false},"excerpt":{"rendered":"Mit ZDF-Fernsehg\u00e4rtner Elmar Mai S\u00f6gel &#8211; Am 1. Wochenende im Juni (4.\/5.06.) findet zum vierten Mal auf Schloss Clemenswerth das Rosenfest statt und verwandelt die Schlossanlage von jeweils 10 bis 18 Uhr in einen Garten- und Kunsthandwerkermarkt. Wie kaum eine andere Blume passt die Rose zum Barock. Insbesondere im 18. Jahrhundert, der Entstehungszeit der Schlossanlage [&hellip;]\n","protected":false},"author":2,"featured_media":0,"comment_status":"closed","ping_status":"closed","sticky":false,"template":"","format":"standard","meta":{"ngg_post_thumbnail":0,"footnotes":""},"categories":[3],"tags":[],"class_list":["post-19074","post","type-post","status-publish","format-standard","hentry","category-aktuelles-aus-der-region"],"_links":{"self":[{"href":"https:\/\/www.forum-soegel.de\/information\/wp-json\/wp\/v2\/posts\/19074","targetHints":{"allow":["GET"]}}],"collection":[{"href":"https:\/\/www.forum-soegel.de\/information\/wp-json\/wp\/v2\/posts"}],"about":[{"href":"https:\/\/www.forum-soegel.de\/information\/wp-json\/wp\/v2\/types\/post"}],"author":[{"embeddable":true,"href":"https:\/\/www.forum-soegel.de\/information\/wp-json\/wp\/v2\/users\/2"}],"replies":[{"embeddable":true,"href":"https:\/\/www.forum-soegel.de\/information\/wp-json\/wp\/v2\/comments?post=19074"}],"version-history":[{"count":1,"href":"https:\/\/www.forum-soegel.de\/information\/wp-json\/wp\/v2\/posts\/19074\/revisions"}],"predecessor-version":[{"id":19076,"href":"https:\/\/www.forum-soegel.de\/information\/wp-json\/wp\/v2\/posts\/19074\/revisions\/19076"}],"wp:attachment":[{"href":"https:\/\/www.forum-soegel.de\/information\/wp-json\/wp\/v2\/media?parent=19074"}],"wp:term":[{"taxonomy":"category","embeddable":true,"href":"https:\/\/www.forum-soegel.de\/information\/wp-json\/wp\/v2\/categories?post=19074"},{"taxonomy":"post_tag","embeddable":true,"href":"https:\/\/www.forum-soegel.de\/information\/wp-json\/wp\/v2\/tags?post=19074"}],"curies":[{"name":"wp","href":"https:\/\/api.w.org\/{rel}","templated":true}]}}