{"id":19031,"date":"2016-06-06T20:19:02","date_gmt":"2016-06-06T18:19:02","guid":{"rendered":"https:\/\/www.forum-soegel.de\/information\/?p=19031"},"modified":"2016-06-06T20:19:02","modified_gmt":"2016-06-06T18:19:02","slug":"schutzenverein-st-hubertus-eisten-sucht-neues-regentenpaar-fur-2016","status":"publish","type":"post","link":"https:\/\/www.forum-soegel.de\/information\/2016\/06\/schutzenverein-st-hubertus-eisten-sucht-neues-regentenpaar-fur-2016\/","title":{"rendered":"Sch\u00fctzenverein St. Hubertus Eisten sucht neues Regentenpaar f\u00fcr 2016"},"content":{"rendered":"<p>Eisten &#8211; Die Sch\u00fctzenregentschaft des amtierenden K\u00f6nigspaares Dieter und Tanja Harde geht langsam zu Ende. K\u00f6nig Dieter ist ausnahmsweise f\u00fcr 13 Monate im Amt, denn in Eisten wurde das traditionelle Sch\u00fctzenfest in diesem Jahr nicht am Muttertag gefeiert. Als Termin wurde f\u00fcr 2016 das erste Juniwochenende festgelegt. Am Samstag, dem 04. Juni 2016 ermitteln die Sch\u00fctzen beim K\u00f6nigsschie\u00dfen ihren neuen Regenten. Der Sch\u00fctzenk\u00f6nig 2016 wird noch am gleichen Abend im Festzelt proklamiert und darf seine Regentschaft sofort antreten.<\/p>\n<p>Am Sonntag, dem 05. Juni 2016 beginnt das Fest um 9.30 Uhr mit dem \u00a0Sch\u00fctzenhochamt, das in diesem Jahr im Festzelt stattfindet. \u00a0Anschlie\u00dfend wird hier auch beim Fr\u00fchschoppen mit musikalischer Unterst\u00fctzung schon ordentlich gefeiert. Um 14.00 Uhr treten die Sch\u00fctzen zur Abholung der neuen Majest\u00e4ten an. Nach einem Umzug durchs Dorf und der Kranzniederlegung an der Kapelle endet der traditionell von der Kolpingskapelle S\u00f6gel begleitete Festmarsch mit dem Einzug ins Festzelt.<\/p>\n<p>An beiden Sch\u00fctzenfesttagen beginnt um 20.00 Uhr der Festball f\u00fcr Jung und Alt.<\/p>\n<p>Der Eintritt ist, wie in jedem Jahr, frei. F\u00fcr die musikalische Unterhaltung sorgt die Tanzkapelle \u201eNew Memories\u201c. Eisten freut sich auf ein gro\u00dfartiges Fest und hofft auf viele Besucher.<\/p>\n<p>Fotos: Klaus Dr\u00f6ge \/ Text: Sch\u00fctzenverein<\/p>\n<p><a href=\"https:\/\/www.forum-soegel.de\/information\/wp-content\/uploads\/2016\/06\/Sch\u00fctzenverein-St.-Hubertus-Eisten-sucht-neues-Regentenpaar-f\u00fcr-2016.jpg\"><img loading=\"lazy\" decoding=\"async\" class=\"alignnone size-medium wp-image-19032\" title=\"Sch\u00fctzenverein St. Hubertus Eisten sucht neues Regentenpaar f\u00fcr 2016\" src=\"https:\/\/www.forum-soegel.de\/information\/wp-content\/uploads\/2016\/06\/Sch\u00fctzenverein-St.-Hubertus-Eisten-sucht-neues-Regentenpaar-f\u00fcr-2016-300x216.jpg\" alt=\"\" width=\"300\" height=\"216\" srcset=\"https:\/\/www.forum-soegel.de\/information\/wp-content\/uploads\/2016\/06\/Sch\u00fctzenverein-St.-Hubertus-Eisten-sucht-neues-Regentenpaar-f\u00fcr-2016-300x216.jpg 300w, https:\/\/www.forum-soegel.de\/information\/wp-content\/uploads\/2016\/06\/Sch\u00fctzenverein-St.-Hubertus-Eisten-sucht-neues-Regentenpaar-f\u00fcr-2016.jpg 1024w\" sizes=\"auto, (max-width: 300px) 100vw, 300px\" \/><\/a><\/p>\n","protected":false},"excerpt":{"rendered":"Eisten &#8211; Die Sch\u00fctzenregentschaft des amtierenden K\u00f6nigspaares Dieter und Tanja Harde geht langsam zu Ende. K\u00f6nig Dieter ist ausnahmsweise f\u00fcr 13 Monate im Amt, denn in Eisten wurde das traditionelle Sch\u00fctzenfest in diesem Jahr nicht am Muttertag gefeiert. Als Termin wurde f\u00fcr 2016 das erste Juniwochenende festgelegt. Am Samstag, dem 04. Juni 2016 ermitteln die [&hellip;]\n","protected":false},"author":2,"featured_media":0,"comment_status":"closed","ping_status":"closed","sticky":false,"template":"","format":"standard","meta":{"ngg_post_thumbnail":0,"footnotes":""},"categories":[5],"tags":[],"class_list":["post-19031","post","type-post","status-publish","format-standard","hentry","category-was-machen-die-vereine"],"_links":{"self":[{"href":"https:\/\/www.forum-soegel.de\/information\/wp-json\/wp\/v2\/posts\/19031","targetHints":{"allow":["GET"]}}],"collection":[{"href":"https:\/\/www.forum-soegel.de\/information\/wp-json\/wp\/v2\/posts"}],"about":[{"href":"https:\/\/www.forum-soegel.de\/information\/wp-json\/wp\/v2\/types\/post"}],"author":[{"embeddable":true,"href":"https:\/\/www.forum-soegel.de\/information\/wp-json\/wp\/v2\/users\/2"}],"replies":[{"embeddable":true,"href":"https:\/\/www.forum-soegel.de\/information\/wp-json\/wp\/v2\/comments?post=19031"}],"version-history":[{"count":1,"href":"https:\/\/www.forum-soegel.de\/information\/wp-json\/wp\/v2\/posts\/19031\/revisions"}],"predecessor-version":[{"id":19033,"href":"https:\/\/www.forum-soegel.de\/information\/wp-json\/wp\/v2\/posts\/19031\/revisions\/19033"}],"wp:attachment":[{"href":"https:\/\/www.forum-soegel.de\/information\/wp-json\/wp\/v2\/media?parent=19031"}],"wp:term":[{"taxonomy":"category","embeddable":true,"href":"https:\/\/www.forum-soegel.de\/information\/wp-json\/wp\/v2\/categories?post=19031"},{"taxonomy":"post_tag","embeddable":true,"href":"https:\/\/www.forum-soegel.de\/information\/wp-json\/wp\/v2\/tags?post=19031"}],"curies":[{"name":"wp","href":"https:\/\/api.w.org\/{rel}","templated":true}]}}