{"id":19024,"date":"2016-06-06T20:16:44","date_gmt":"2016-06-06T18:16:44","guid":{"rendered":"https:\/\/www.forum-soegel.de\/information\/?p=19024"},"modified":"2016-06-06T20:16:44","modified_gmt":"2016-06-06T18:16:44","slug":"rbsg-sogel-e-v-ehrt-langjahrige-mitglieder","status":"publish","type":"post","link":"https:\/\/www.forum-soegel.de\/information\/2016\/06\/rbsg-sogel-e-v-ehrt-langjahrige-mitglieder\/","title":{"rendered":"RBSG- S\u00f6gel e. V. ehrt langj\u00e4hrige Mitglieder"},"content":{"rendered":"<p>S\u00f6gel &#8211; Auf der Jahreshauptversammlung im Wobus Hotel J\u00e4gerhof wurden 10 langj\u00e4hrige Mitglieder mit einer Urkunde ausgezeichnet. (siehe Fotos)<\/p>\n<p>Die Versammlung begann mit einem ausgezeichneten Essen.<\/p>\n<p>Leider waren nicht alle Mitglieder erschienen, aber 45 Personen waren anwesend. Der 1. Vorsitzende Achim Gehrs bescheinigte eine gute Teilnahme an den \u00dcbungsabenden. Sowohl die Bosselgruppe, die Koronarsportgruppe in B\u00f6rger, als auch die Wassergymnastik- und Wirbels\u00e4ulen- Gymnastikgruppe seien gut besucht.\u00a0 An den Volleyball\u00fcbungsabenden jeden Montag 20.00 Uhr in der Gymnasiumhalle sind immer 3 bis 5 Schutzsuchende aus Afghanistan eingeladen, die diese Abwechslung gerne annehmen.<\/p>\n<p>Die Durchf\u00fchrung von Rehabilitationssport ist durch die Verl\u00e4ngerung der Zertifikate f\u00fcr Koronarsport, Gymnastik bei orthop\u00e4dischen Erkrankungen und Warmwassergymnastik des Behinderten- Sportverbandes Niedersachsen neu best\u00e4tigt worden.<\/p>\n<p>Unser lizenzierter \u00dcbungsleiter Karl- Heinz Ameln begleitet die Trainer Theo Kempkes und Doris Gebbeken beim Koronarsport in B\u00f6rger (Turnhalle 19.00 bis 20.00 Uhr). Anni Robbe und Margret Sprenkel leiten die Gymnastikgruppe (Gro\u00dfraumturnhalle S\u00f6gel, mittwochs 20.00 bis 21.00 Uhr) und die Wassergymnastikgruppe im Krankenhaus S\u00f6gel, freitags von 16.30 bis 18.30 Uhr. Willi Herm\u00fchlen leitet die Bosselgruppe jeden Mittwoch von 18.00 bis 20.00 Uhr in der Gro\u00dfraumturnhalle.<\/p>\n<p>Unser neuer Flyer mit der Aufforderung: \u201eSei kein Frosch, mach mit!\u201c, der bei den lokalen Arztpraxen ausgelegt ist, wurde vorgestellt.<\/p>\n<p>Text\/Foto: Achim Gehrs<\/p>\n<div id=\"attachment_19025\" style=\"width: 310px\" class=\"wp-caption alignnone\"><a href=\"https:\/\/www.forum-soegel.de\/information\/wp-content\/uploads\/2016\/06\/RBSG-S\u00f6gel-e.-V.-ehrt-langj\u00e4hrige-Mitglieder1.jpg\"><img loading=\"lazy\" decoding=\"async\" aria-describedby=\"caption-attachment-19025\" class=\"size-medium wp-image-19025\" title=\"RBSG- S\u00f6gel e. V. ehrt langj\u00e4hrige Mitglieder1\" src=\"https:\/\/www.forum-soegel.de\/information\/wp-content\/uploads\/2016\/06\/RBSG-S\u00f6gel-e.-V.-ehrt-langj\u00e4hrige-Mitglieder1-300x125.jpg\" alt=\"\" width=\"300\" height=\"125\" srcset=\"https:\/\/www.forum-soegel.de\/information\/wp-content\/uploads\/2016\/06\/RBSG-S\u00f6gel-e.-V.-ehrt-langj\u00e4hrige-Mitglieder1-300x125.jpg 300w, https:\/\/www.forum-soegel.de\/information\/wp-content\/uploads\/2016\/06\/RBSG-S\u00f6gel-e.-V.-ehrt-langj\u00e4hrige-Mitglieder1.jpg 1024w\" sizes=\"auto, (max-width: 300px) 100vw, 300px\" \/><\/a><p id=\"caption-attachment-19025\" class=\"wp-caption-text\">Von links: Marianne Gehrs (25 Jahre), Waltraud Pelzer (10 Jahre), Josefa Schrand (10 Jahre), der langj\u00e4hrige Vorsitzende Bernd Kamlage (35 Jahre, Adele Kamlage (35 Jahre), Heinrich Geers (10 Jahre), Marga Gerdes (35 Jahre), Wilhelm Eilermann (20 Jahre), Wilfried Sistenich (10 Jahre), Hermann Lorenz (10 Jahre). 1. Vorsitzender Achim Gehrs<\/p><\/div>\n<div id=\"attachment_19026\" style=\"width: 310px\" class=\"wp-caption alignnone\"><a href=\"https:\/\/www.forum-soegel.de\/information\/wp-content\/uploads\/2016\/06\/RBSG-S\u00f6gel-e.-V.-ehrt-langj\u00e4hrige-Mitglieder2.jpg\"><img loading=\"lazy\" decoding=\"async\" aria-describedby=\"caption-attachment-19026\" class=\"size-medium wp-image-19026\" title=\"RBSG- S\u00f6gel e. V. ehrt langj\u00e4hrige Mitglieder2\" src=\"https:\/\/www.forum-soegel.de\/information\/wp-content\/uploads\/2016\/06\/RBSG-S\u00f6gel-e.-V.-ehrt-langj\u00e4hrige-Mitglieder2-300x154.jpg\" alt=\"\" width=\"300\" height=\"154\" srcset=\"https:\/\/www.forum-soegel.de\/information\/wp-content\/uploads\/2016\/06\/RBSG-S\u00f6gel-e.-V.-ehrt-langj\u00e4hrige-Mitglieder2-300x154.jpg 300w, https:\/\/www.forum-soegel.de\/information\/wp-content\/uploads\/2016\/06\/RBSG-S\u00f6gel-e.-V.-ehrt-langj\u00e4hrige-Mitglieder2.jpg 1024w\" sizes=\"auto, (max-width: 300px) 100vw, 300px\" \/><\/a><p id=\"caption-attachment-19026\" class=\"wp-caption-text\">Geers Jan erh\u00e4lt seine Urkunde f\u00fcr 46 Jahre Mitgliedschaft im Rahmen des Volleyball\u00fcbungsabends im Kreise seiner Mitstreiter<\/p><\/div>\n","protected":false},"excerpt":{"rendered":"S\u00f6gel &#8211; Auf der Jahreshauptversammlung im Wobus Hotel J\u00e4gerhof wurden 10 langj\u00e4hrige Mitglieder mit einer Urkunde ausgezeichnet. (siehe Fotos) Die Versammlung begann mit einem ausgezeichneten Essen. Leider waren nicht alle Mitglieder erschienen, aber 45 Personen waren anwesend. Der 1. Vorsitzende Achim Gehrs bescheinigte eine gute Teilnahme an den \u00dcbungsabenden. Sowohl die Bosselgruppe, die Koronarsportgruppe in [&hellip;]\n","protected":false},"author":2,"featured_media":0,"comment_status":"closed","ping_status":"closed","sticky":false,"template":"","format":"standard","meta":{"ngg_post_thumbnail":0,"footnotes":""},"categories":[5],"tags":[],"class_list":["post-19024","post","type-post","status-publish","format-standard","hentry","category-was-machen-die-vereine"],"_links":{"self":[{"href":"https:\/\/www.forum-soegel.de\/information\/wp-json\/wp\/v2\/posts\/19024","targetHints":{"allow":["GET"]}}],"collection":[{"href":"https:\/\/www.forum-soegel.de\/information\/wp-json\/wp\/v2\/posts"}],"about":[{"href":"https:\/\/www.forum-soegel.de\/information\/wp-json\/wp\/v2\/types\/post"}],"author":[{"embeddable":true,"href":"https:\/\/www.forum-soegel.de\/information\/wp-json\/wp\/v2\/users\/2"}],"replies":[{"embeddable":true,"href":"https:\/\/www.forum-soegel.de\/information\/wp-json\/wp\/v2\/comments?post=19024"}],"version-history":[{"count":1,"href":"https:\/\/www.forum-soegel.de\/information\/wp-json\/wp\/v2\/posts\/19024\/revisions"}],"predecessor-version":[{"id":19027,"href":"https:\/\/www.forum-soegel.de\/information\/wp-json\/wp\/v2\/posts\/19024\/revisions\/19027"}],"wp:attachment":[{"href":"https:\/\/www.forum-soegel.de\/information\/wp-json\/wp\/v2\/media?parent=19024"}],"wp:term":[{"taxonomy":"category","embeddable":true,"href":"https:\/\/www.forum-soegel.de\/information\/wp-json\/wp\/v2\/categories?post=19024"},{"taxonomy":"post_tag","embeddable":true,"href":"https:\/\/www.forum-soegel.de\/information\/wp-json\/wp\/v2\/tags?post=19024"}],"curies":[{"name":"wp","href":"https:\/\/api.w.org\/{rel}","templated":true}]}}