{"id":19022,"date":"2016-06-06T20:14:45","date_gmt":"2016-06-06T18:14:45","guid":{"rendered":"https:\/\/www.forum-soegel.de\/information\/?p=19022"},"modified":"2016-06-06T20:14:45","modified_gmt":"2016-06-06T18:14:45","slug":"open-air-sommernachtskonzert-auf-dem-ludmillenhof-in-sogel","status":"publish","type":"post","link":"https:\/\/www.forum-soegel.de\/information\/2016\/06\/open-air-sommernachtskonzert-auf-dem-ludmillenhof-in-sogel\/","title":{"rendered":"Open-Air-Sommernachtskonzert auf dem Ludmillenhof in S\u00f6gel"},"content":{"rendered":"<p align=\"left\">S\u00f6gel &#8211; Die Kolpingskapelle S\u00f6gel richtet am 11. Juni 2016 ein Sommernachtskonzert mit dem Titel \u201eEine musikalische Reise durch Italien und mehr &#8211; mit Freunden\u201c- auf dem\u00a0 Ludmillenhof in S\u00f6gel aus. Gemeinsam mit dem M\u00e4nnergesangverein Harmonie (MGV), dem Folklorechor \u00a0Kalinka, der\u00a0 Sister-Group-India, der Volkstanzgruppe des Heimatvereins\u00a0 und<\/p>\n<p align=\"left\">der Jugendband Round Up \u00a0wird ein bunter Strau\u00df Melodien geboten, wie zum Beispiel \u201eGefangenenchor\u201c, \u201eIndisches Intermezzo\u201c, \u201eAzzurro\u201c, \u201eHeimat\u201c, \u201eWe are the world\u201c\u2026 \u00a0etc., \u00a0sinnbildlich f\u00fcr das Zusammenleben der verschiedensten Kulturen und Nationalit\u00e4ten in S\u00f6gel und in Deutschland. \u201eViele der Melodien geh\u00f6ren mit zu unserem t\u00e4glichen Leben und werden gar nicht als fremd empfunden, ebenso ergeht es uns mit vielen unserer Mitb\u00fcrger. Wir wollen mit diesem Konzert ein herzliches Willkommen aussprechen an alle, die unseren Ort S\u00f6gel als neue Heimat ansehen\u201c, sagte Hans Hanekamp im Namen aller Mitwirkenden und f\u00fcgte hinzu: \u201eHier kann man erleben, wie aus Fremden Freunde werden.\u201c<\/p>\n<p align=\"left\">Alle Musikfreunde k\u00f6nnen sich auf heitere Kl\u00e4nge unter freiem Himmel freuen und sind herzlich zu diesem einmaligen Event im sch\u00f6nen Ambiente des Ludmillenhofes eingeladen. F\u00fcr das leibliche Wohl wird mit kulinarischen Snacks und Getr\u00e4nken gesorgt, so dass mit allen Sinnen an diesem Abend Vielfalt erlebt und genossen werden kann.\u00a0 Der Eintritt ist frei, um eine freiwillige Spende wird gebeten.\u00a0 Ab 19.00 Uhr ist Einlass. Das Konzert beginnt um 20.00 Uhr.<\/p>\n<p>Text: Gisela Arling \/ Foto: KKS<\/p>\n<p>&nbsp;<\/p>\n","protected":false},"excerpt":{"rendered":"S\u00f6gel &#8211; Die Kolpingskapelle S\u00f6gel richtet am 11. Juni 2016 ein Sommernachtskonzert mit dem Titel \u201eEine musikalische Reise durch Italien und mehr &#8211; mit Freunden\u201c- auf dem\u00a0 Ludmillenhof in S\u00f6gel aus. Gemeinsam mit dem M\u00e4nnergesangverein Harmonie (MGV), dem Folklorechor \u00a0Kalinka, der\u00a0 Sister-Group-India, der Volkstanzgruppe des Heimatvereins\u00a0 und der Jugendband Round Up \u00a0wird ein bunter Strau\u00df [&hellip;]\n","protected":false},"author":2,"featured_media":0,"comment_status":"closed","ping_status":"closed","sticky":false,"template":"","format":"standard","meta":{"ngg_post_thumbnail":0,"footnotes":""},"categories":[5],"tags":[],"class_list":["post-19022","post","type-post","status-publish","format-standard","hentry","category-was-machen-die-vereine"],"_links":{"self":[{"href":"https:\/\/www.forum-soegel.de\/information\/wp-json\/wp\/v2\/posts\/19022","targetHints":{"allow":["GET"]}}],"collection":[{"href":"https:\/\/www.forum-soegel.de\/information\/wp-json\/wp\/v2\/posts"}],"about":[{"href":"https:\/\/www.forum-soegel.de\/information\/wp-json\/wp\/v2\/types\/post"}],"author":[{"embeddable":true,"href":"https:\/\/www.forum-soegel.de\/information\/wp-json\/wp\/v2\/users\/2"}],"replies":[{"embeddable":true,"href":"https:\/\/www.forum-soegel.de\/information\/wp-json\/wp\/v2\/comments?post=19022"}],"version-history":[{"count":1,"href":"https:\/\/www.forum-soegel.de\/information\/wp-json\/wp\/v2\/posts\/19022\/revisions"}],"predecessor-version":[{"id":19023,"href":"https:\/\/www.forum-soegel.de\/information\/wp-json\/wp\/v2\/posts\/19022\/revisions\/19023"}],"wp:attachment":[{"href":"https:\/\/www.forum-soegel.de\/information\/wp-json\/wp\/v2\/media?parent=19022"}],"wp:term":[{"taxonomy":"category","embeddable":true,"href":"https:\/\/www.forum-soegel.de\/information\/wp-json\/wp\/v2\/categories?post=19022"},{"taxonomy":"post_tag","embeddable":true,"href":"https:\/\/www.forum-soegel.de\/information\/wp-json\/wp\/v2\/tags?post=19022"}],"curies":[{"name":"wp","href":"https:\/\/api.w.org\/{rel}","templated":true}]}}