{"id":19016,"date":"2016-06-06T20:13:44","date_gmt":"2016-06-06T18:13:44","guid":{"rendered":"https:\/\/www.forum-soegel.de\/information\/?p=19016"},"modified":"2016-06-06T20:13:44","modified_gmt":"2016-06-06T18:13:44","slug":"neue-trikots-von-der-raiffeisenbank-emsland-mitte-eg","status":"publish","type":"post","link":"https:\/\/www.forum-soegel.de\/information\/2016\/06\/neue-trikots-von-der-raiffeisenbank-emsland-mitte-eg\/","title":{"rendered":"Neue Trikots von der Raiffeisenbank Emsland-Mitte eG"},"content":{"rendered":"<p>Spahnharrenst\u00e4tte &#8211; \u00dcber einen neuen Trikotsatz konnten sich die Alten Herren von DJK GW Spahnharrenst\u00e4tte freuen. Gesponsert wurde das neue Outfit von der ortsans\u00e4ssigen Raiffeisenbank Emsland-Mitte eG.<\/p>\n<p>Der Betreuer der AH, Hans-J\u00fcrgen Meyer, bedankte sich pers\u00f6nlich bei der Leiterin Irma Stelljes und den Mitarbeiterinnen der Gesch\u00e4ftsstelle in Spahnharrenst\u00e4tte.<\/p>\n<p>Gleich beim ersten Heimspiel der Saison kamen die Trikots zum Einsatz.<\/p>\n<p>Text: Bernd Schrand, SPH-V \/ Foto: WR, SPH-V<\/p>\n<p><a href=\"https:\/\/www.forum-soegel.de\/information\/wp-content\/uploads\/2016\/06\/Neue-Trikots-von-der-Raiffeisenbank-Emsland-Mitte-eG1.jpg\"><img loading=\"lazy\" decoding=\"async\" class=\"alignnone size-thumbnail wp-image-19017\" title=\"Neue Trikots von der Raiffeisenbank Emsland-Mitte eG1\" src=\"https:\/\/www.forum-soegel.de\/information\/wp-content\/uploads\/2016\/06\/Neue-Trikots-von-der-Raiffeisenbank-Emsland-Mitte-eG1-150x150.jpg\" alt=\"\" width=\"150\" height=\"150\" \/><\/a>\u00a0\u00a0<a href=\"https:\/\/www.forum-soegel.de\/information\/wp-content\/uploads\/2016\/06\/Neue-Trikots-von-der-Raiffeisenbank-Emsland-Mitte-eG2.jpg\"><img loading=\"lazy\" decoding=\"async\" class=\"alignnone size-thumbnail wp-image-19018\" title=\"Neue Trikots von der Raiffeisenbank Emsland-Mitte eG2\" src=\"https:\/\/www.forum-soegel.de\/information\/wp-content\/uploads\/2016\/06\/Neue-Trikots-von-der-Raiffeisenbank-Emsland-Mitte-eG2-150x150.jpg\" alt=\"\" width=\"150\" height=\"150\" \/><\/a><\/p>\n<p><a href=\"https:\/\/www.forum-soegel.de\/information\/wp-content\/uploads\/2016\/06\/Neue-Trikots-von-der-Raiffeisenbank-Emsland-Mitte-eG3.jpg\"><img loading=\"lazy\" decoding=\"async\" class=\"alignnone size-thumbnail wp-image-19019\" title=\"Neue Trikots von der Raiffeisenbank Emsland-Mitte eG3\" src=\"https:\/\/www.forum-soegel.de\/information\/wp-content\/uploads\/2016\/06\/Neue-Trikots-von-der-Raiffeisenbank-Emsland-Mitte-eG3-150x150.jpg\" alt=\"\" width=\"150\" height=\"150\" \/><\/a>\u00a0\u00a0<a href=\"https:\/\/www.forum-soegel.de\/information\/wp-content\/uploads\/2016\/06\/Neue-Trikots-von-der-Raiffeisenbank-Emsland-Mitte-eG4.jpg\"><img loading=\"lazy\" decoding=\"async\" class=\"alignnone size-thumbnail wp-image-19020\" title=\"Neue Trikots von der Raiffeisenbank Emsland-Mitte eG4\" src=\"https:\/\/www.forum-soegel.de\/information\/wp-content\/uploads\/2016\/06\/Neue-Trikots-von-der-Raiffeisenbank-Emsland-Mitte-eG4-150x150.jpg\" alt=\"\" width=\"150\" height=\"150\" \/><\/a><\/p>\n","protected":false},"excerpt":{"rendered":"Spahnharrenst\u00e4tte &#8211; \u00dcber einen neuen Trikotsatz konnten sich die Alten Herren von DJK GW Spahnharrenst\u00e4tte freuen. Gesponsert wurde das neue Outfit von der ortsans\u00e4ssigen Raiffeisenbank Emsland-Mitte eG. Der Betreuer der AH, Hans-J\u00fcrgen Meyer, bedankte sich pers\u00f6nlich bei der Leiterin Irma Stelljes und den Mitarbeiterinnen der Gesch\u00e4ftsstelle in Spahnharrenst\u00e4tte. Gleich beim ersten Heimspiel der Saison kamen [&hellip;]\n","protected":false},"author":2,"featured_media":0,"comment_status":"closed","ping_status":"closed","sticky":false,"template":"","format":"standard","meta":{"ngg_post_thumbnail":0,"footnotes":""},"categories":[5],"tags":[],"class_list":["post-19016","post","type-post","status-publish","format-standard","hentry","category-was-machen-die-vereine"],"_links":{"self":[{"href":"https:\/\/www.forum-soegel.de\/information\/wp-json\/wp\/v2\/posts\/19016","targetHints":{"allow":["GET"]}}],"collection":[{"href":"https:\/\/www.forum-soegel.de\/information\/wp-json\/wp\/v2\/posts"}],"about":[{"href":"https:\/\/www.forum-soegel.de\/information\/wp-json\/wp\/v2\/types\/post"}],"author":[{"embeddable":true,"href":"https:\/\/www.forum-soegel.de\/information\/wp-json\/wp\/v2\/users\/2"}],"replies":[{"embeddable":true,"href":"https:\/\/www.forum-soegel.de\/information\/wp-json\/wp\/v2\/comments?post=19016"}],"version-history":[{"count":1,"href":"https:\/\/www.forum-soegel.de\/information\/wp-json\/wp\/v2\/posts\/19016\/revisions"}],"predecessor-version":[{"id":19021,"href":"https:\/\/www.forum-soegel.de\/information\/wp-json\/wp\/v2\/posts\/19016\/revisions\/19021"}],"wp:attachment":[{"href":"https:\/\/www.forum-soegel.de\/information\/wp-json\/wp\/v2\/media?parent=19016"}],"wp:term":[{"taxonomy":"category","embeddable":true,"href":"https:\/\/www.forum-soegel.de\/information\/wp-json\/wp\/v2\/categories?post=19016"},{"taxonomy":"post_tag","embeddable":true,"href":"https:\/\/www.forum-soegel.de\/information\/wp-json\/wp\/v2\/tags?post=19016"}],"curies":[{"name":"wp","href":"https:\/\/api.w.org\/{rel}","templated":true}]}}