{"id":19012,"date":"2016-06-06T20:12:00","date_gmt":"2016-06-06T18:12:00","guid":{"rendered":"https:\/\/www.forum-soegel.de\/information\/?p=19012"},"modified":"2016-06-06T20:12:00","modified_gmt":"2016-06-06T18:12:00","slug":"mitgliederversammlung-des-forums-sogel-e-v-2","status":"publish","type":"post","link":"https:\/\/www.forum-soegel.de\/information\/2016\/06\/mitgliederversammlung-des-forums-sogel-e-v-2\/","title":{"rendered":"Mitgliederversammlung des Forums S\u00f6gel e. V."},"content":{"rendered":"<p>S\u00f6gel &#8211; Das Forum hielt am 27. April 2016 seine allj\u00e4hrliche Mitgliederversammlung wie gewohnt im Clemenswerther Hof, S\u00f6gel, ab. Der Vorsitzende Bernd Eggert referierte \u00fcber die Vereinsaktivit\u00e4ten des verflossenen Jahres. Neben vielen Veranstaltungen wie dem Familiensonntag im Dezember mit Zauberer, Spielen und Kinderschminken, dem Vereinsausflug ins M\u00fcnsterland auf den Spuren von Droste-H\u00fclshoff sowie Schlaun und der Darstellung deutscher Geschichte beider Staaten zum Tag der Deutschen Einheit durch Sch\u00fcler lie\u00df B. Eggert die Ehrung des Forums mit dem Preis der Emsl\u00e4ndischen Landschaft als einzigem Verein nicht unerw\u00e4hnt. Ganz besonders hob er Besuch und Gefallenenehrung auf dem kanadischen Soldatenfriedhof in Holten (Niederlande) hervor.<\/p>\n<p>Heribert Tolkmitt und Hermann Wichman erl\u00e4uterten den Arbeitsstand bei der Fortf\u00fchrung der Geschichts- und Zukunftswerkstatt des Forums in S\u00f6gel bis in die Jetztzeit und bei der Arbeit an dem Projekt \u201eDer H\u00fcmmling im Spiegel der 50er und 60er Jahre\u201c. Hier sind neben Darstellungen in der Geschichtswerkstatt und einem Bildband eine Ausstellung im August im S\u00f6geler Rathaus geplant.<\/p>\n<p>Als Gastredner berichtete Studiendirektor a. D. Eckhard Bredohl, Leiter des S\u00f6geler Gemeindearchivs, \u00fcber das Archiv und seine Arbeit dort. Er stellte fest, dass Archiv und Forum in die gleiche Richtung arbeiteten.<\/p>\n<p>Noch zu erw\u00e4hnen ist, dass Bernd Eggert als Vorsitzender, Hermann Wichman als Erster Beisitzer und Uwe M\u00fcller als Schriftf\u00fchrer sowie Gisela Henze und Werner Sch\u00fcler als Kassenpr\u00fcfer wieder gew\u00e4hlt wurden.<\/p>\n<p>Werden einem die Aktivit\u00e4ten des Forums wie F\u00fchrungen, Veranstaltungen, \u201eBetrieb\u201c der Geschichtswerkstatt, Gestaltung und kostenlose monatliche Auslieferung der \u201eInformationen f\u00fcr S\u00f6gel und Umgebung\u201c an alle Haushalte der Samtgemeinde, Ausstellungen (z. B Flucht und Asyl), Pflege der Kontakte zu S\u00f6gels niederl\u00e4ndischer Partnergemeinde Norg u. v. a. m., werden einem die Aktivit\u00e4ten des Forums in dieser geballten Form wie w\u00e4hrend der Mitgliederversammlung vor Augen gef\u00fchrt, fragt man sich, wie ein Verein mit ca. 140 Mitgliedern und schmalem Budget das schafft. Er schafft es! &#8211; Da Eigenlob ja bekanntlich einen unangenehmen Duft ausstr\u00f6mt, sei darauf verwiesen, dass die S\u00f6geler\u00a0 B\u00fcrgermeisterin Irmgard Welling in ihren Dankesworten an das Forum ziemlich genau dasselbe sagte.<\/p>\n<p>Text: UM \/ Foto::Frau Wichmann\/UM<\/p>\n<p><a href=\"https:\/\/www.forum-soegel.de\/information\/wp-content\/uploads\/2016\/06\/Mitgliederversammlung-des-Forums-S\u00f6gel-e.-V.1.jpg\"><img loading=\"lazy\" decoding=\"async\" class=\"alignnone size-thumbnail wp-image-19013\" title=\"Mitgliederversammlung des Forums S\u00f6gel e. V.1\" src=\"https:\/\/www.forum-soegel.de\/information\/wp-content\/uploads\/2016\/06\/Mitgliederversammlung-des-Forums-S\u00f6gel-e.-V.1-150x150.jpg\" alt=\"\" width=\"150\" height=\"150\" \/><\/a>\u00a0\u00a0<a href=\"https:\/\/www.forum-soegel.de\/information\/wp-content\/uploads\/2016\/06\/Mitgliederversammlung-des-Forums-S\u00f6gel-e.-V.2.jpg\"><img loading=\"lazy\" decoding=\"async\" class=\"alignnone size-thumbnail wp-image-19014\" title=\"Mitgliederversammlung des Forums S\u00f6gel e. V.2\" src=\"https:\/\/www.forum-soegel.de\/information\/wp-content\/uploads\/2016\/06\/Mitgliederversammlung-des-Forums-S\u00f6gel-e.-V.2-150x150.jpg\" alt=\"\" width=\"150\" height=\"150\" \/><\/a><\/p>\n<p>&nbsp;<\/p>\n<p>&nbsp;<\/p>\n","protected":false},"excerpt":{"rendered":"S\u00f6gel &#8211; Das Forum hielt am 27. April 2016 seine allj\u00e4hrliche Mitgliederversammlung wie gewohnt im Clemenswerther Hof, S\u00f6gel, ab. Der Vorsitzende Bernd Eggert referierte \u00fcber die Vereinsaktivit\u00e4ten des verflossenen Jahres. Neben vielen Veranstaltungen wie dem Familiensonntag im Dezember mit Zauberer, Spielen und Kinderschminken, dem Vereinsausflug ins M\u00fcnsterland auf den Spuren von Droste-H\u00fclshoff sowie Schlaun und [&hellip;]\n","protected":false},"author":2,"featured_media":0,"comment_status":"closed","ping_status":"closed","sticky":false,"template":"","format":"standard","meta":{"ngg_post_thumbnail":0,"footnotes":""},"categories":[5],"tags":[],"class_list":["post-19012","post","type-post","status-publish","format-standard","hentry","category-was-machen-die-vereine"],"_links":{"self":[{"href":"https:\/\/www.forum-soegel.de\/information\/wp-json\/wp\/v2\/posts\/19012","targetHints":{"allow":["GET"]}}],"collection":[{"href":"https:\/\/www.forum-soegel.de\/information\/wp-json\/wp\/v2\/posts"}],"about":[{"href":"https:\/\/www.forum-soegel.de\/information\/wp-json\/wp\/v2\/types\/post"}],"author":[{"embeddable":true,"href":"https:\/\/www.forum-soegel.de\/information\/wp-json\/wp\/v2\/users\/2"}],"replies":[{"embeddable":true,"href":"https:\/\/www.forum-soegel.de\/information\/wp-json\/wp\/v2\/comments?post=19012"}],"version-history":[{"count":1,"href":"https:\/\/www.forum-soegel.de\/information\/wp-json\/wp\/v2\/posts\/19012\/revisions"}],"predecessor-version":[{"id":19015,"href":"https:\/\/www.forum-soegel.de\/information\/wp-json\/wp\/v2\/posts\/19012\/revisions\/19015"}],"wp:attachment":[{"href":"https:\/\/www.forum-soegel.de\/information\/wp-json\/wp\/v2\/media?parent=19012"}],"wp:term":[{"taxonomy":"category","embeddable":true,"href":"https:\/\/www.forum-soegel.de\/information\/wp-json\/wp\/v2\/categories?post=19012"},{"taxonomy":"post_tag","embeddable":true,"href":"https:\/\/www.forum-soegel.de\/information\/wp-json\/wp\/v2\/tags?post=19012"}],"curies":[{"name":"wp","href":"https:\/\/api.w.org\/{rel}","templated":true}]}}