{"id":19006,"date":"2016-06-06T20:10:16","date_gmt":"2016-06-06T18:10:16","guid":{"rendered":"https:\/\/www.forum-soegel.de\/information\/?p=19006"},"modified":"2016-08-01T18:45:51","modified_gmt":"2016-08-01T16:45:51","slug":"interessante-klonabende-beim-heimatverein-sogel","status":"publish","type":"post","link":"https:\/\/www.forum-soegel.de\/information\/2016\/06\/interessante-klonabende-beim-heimatverein-sogel\/","title":{"rendered":"Interessante Kl\u00f6nabende beim Heimatverein S\u00f6gel"},"content":{"rendered":"<p><a href=\"https:\/\/www.forum-soegel.de\/information\/wp-content\/uploads\/2016\/06\/Interessante-Kl\u00f6nabende-beim-Heimatverein-S\u00f6gel-Lemmermann.jpg\"><img loading=\"lazy\" decoding=\"async\" class=\"alignleft size-medium wp-image-19007\" title=\"Interessante Kl\u00f6nabende beim Heimatverein S\u00f6gel - Lemmermann\" src=\"https:\/\/www.forum-soegel.de\/information\/wp-content\/uploads\/2016\/06\/Interessante-Kl\u00f6nabende-beim-Heimatverein-S\u00f6gel-Lemmermann-300x200.jpg\" alt=\"\" width=\"300\" height=\"200\" srcset=\"https:\/\/www.forum-soegel.de\/information\/wp-content\/uploads\/2016\/06\/Interessante-Kl\u00f6nabende-beim-Heimatverein-S\u00f6gel-Lemmermann-300x200.jpg 300w, https:\/\/www.forum-soegel.de\/information\/wp-content\/uploads\/2016\/06\/Interessante-Kl\u00f6nabende-beim-Heimatverein-S\u00f6gel-Lemmermann.jpg 1024w\" sizes=\"auto, (max-width: 300px) 100vw, 300px\" \/><\/a>S\u00f6gel \u2013 Gleich zwei \u00fcberaus interessante Kl\u00f6nabende konnte der Heimatverein S\u00f6gel in den letzten Wochen den interessierten Mitgliedern und Nichtmitgliedern anbieten.<\/p>\n<p>Forstamtmann Ansgar Simme vom Forstrevier Hohenheide f\u00fchrte die Besucher fachm\u00e4nnisch durch das Jagdjahr, dass im \u00dcbrigen nicht mit dem Kalenderjahr identisch ist.<\/p>\n<p>Unterlegt mit passenden Fotos f\u00fchrte Ansgar Simme monatsweise durch das Jagdjahr und erl\u00e4uterte zu jedem Monat, was sich in Flora und Fauna, aber insbesondere im Wildbestand in den einzelnen Monaten ereignete. Auch wurde deutlich, wie sich der Wildbestand in den letzten Jahrzehnten ver\u00e4ndert hat.<\/p>\n<p>Nat\u00fcrlich durften zum Schluss seines Vortrages Informationen zum Wolf nicht fehlen. An den zahlreichen Fragen der Zuh\u00f6rer konnte man erkennen, dass gerade dieses Thema die Menschen bewegt und zum Teil auch ver\u00e4ngstigt.<\/p>\n<p>Einen ebenso interessanten Vortrag hielt Holger Lemmermann \u00fcber sein Buch \u201eDie Auswanderer aus S\u00f6gel und dem H\u00fcmmling\u201c.<\/p>\n<p>Anhand kurzer Ausz\u00fcge aus seinem Buch berichtete er von seinen Recherchen zur Entstehung des Buches und von den Kontakten zu ehemaligen Auswanderern bzw. deren Nachkommen in den USA. Zu einzelnen Auswanderern konnte berichtet werden, wo sie in ihrer neuen Heimat sesshaft geworden waren und wie es ihnen dort ergangen ist.<\/p>\n<p>Schon die kurzen Ausz\u00fcge aus dem Buch machten deutlich, dass nicht vorrangig die Aufz\u00e4hlung von Fakten und Zahlen im Vordergrund dieses Buches stehen, sondern vielmehr die \u00fcberaus interessanten und spannenden Geschichten und Anekdoten rund um den einzelnen Auswanderer nicht zu kurz kommen.<\/p>\n<p>Text\/Foto: GS<\/p>\n<p><a href=\"https:\/\/www.forum-soegel.de\/information\/wp-content\/uploads\/2016\/06\/Interessante-Kl\u00f6nabende-beim-Heimatverein-S\u00f6gel-Simme.jpg\"><img loading=\"lazy\" decoding=\"async\" class=\"alignnone size-medium wp-image-19009\" title=\"Interessante Kl\u00f6nabende beim Heimatverein S\u00f6gel - Simme\" src=\"https:\/\/www.forum-soegel.de\/information\/wp-content\/uploads\/2016\/06\/Interessante-Kl\u00f6nabende-beim-Heimatverein-S\u00f6gel-Simme-300x200.jpg\" alt=\"\" width=\"300\" height=\"200\" srcset=\"https:\/\/www.forum-soegel.de\/information\/wp-content\/uploads\/2016\/06\/Interessante-Kl\u00f6nabende-beim-Heimatverein-S\u00f6gel-Simme-300x200.jpg 300w, https:\/\/www.forum-soegel.de\/information\/wp-content\/uploads\/2016\/06\/Interessante-Kl\u00f6nabende-beim-Heimatverein-S\u00f6gel-Simme.jpg 1024w\" sizes=\"auto, (max-width: 300px) 100vw, 300px\" \/><\/a><\/p>\n","protected":false},"excerpt":{"rendered":"S\u00f6gel \u2013 Gleich zwei \u00fcberaus interessante Kl\u00f6nabende konnte der Heimatverein S\u00f6gel in den letzten Wochen den interessierten Mitgliedern und Nichtmitgliedern anbieten. Forstamtmann Ansgar Simme vom Forstrevier Hohenheide f\u00fchrte die Besucher fachm\u00e4nnisch durch das Jagdjahr, dass im \u00dcbrigen nicht mit dem Kalenderjahr identisch ist. Unterlegt mit passenden Fotos f\u00fchrte Ansgar Simme monatsweise durch das Jagdjahr und [&hellip;]\n","protected":false},"author":2,"featured_media":0,"comment_status":"closed","ping_status":"closed","sticky":false,"template":"","format":"standard","meta":{"ngg_post_thumbnail":0,"footnotes":""},"categories":[5],"tags":[],"class_list":["post-19006","post","type-post","status-publish","format-standard","hentry","category-was-machen-die-vereine"],"_links":{"self":[{"href":"https:\/\/www.forum-soegel.de\/information\/wp-json\/wp\/v2\/posts\/19006","targetHints":{"allow":["GET"]}}],"collection":[{"href":"https:\/\/www.forum-soegel.de\/information\/wp-json\/wp\/v2\/posts"}],"about":[{"href":"https:\/\/www.forum-soegel.de\/information\/wp-json\/wp\/v2\/types\/post"}],"author":[{"embeddable":true,"href":"https:\/\/www.forum-soegel.de\/information\/wp-json\/wp\/v2\/users\/2"}],"replies":[{"embeddable":true,"href":"https:\/\/www.forum-soegel.de\/information\/wp-json\/wp\/v2\/comments?post=19006"}],"version-history":[{"count":3,"href":"https:\/\/www.forum-soegel.de\/information\/wp-json\/wp\/v2\/posts\/19006\/revisions"}],"predecessor-version":[{"id":19343,"href":"https:\/\/www.forum-soegel.de\/information\/wp-json\/wp\/v2\/posts\/19006\/revisions\/19343"}],"wp:attachment":[{"href":"https:\/\/www.forum-soegel.de\/information\/wp-json\/wp\/v2\/media?parent=19006"}],"wp:term":[{"taxonomy":"category","embeddable":true,"href":"https:\/\/www.forum-soegel.de\/information\/wp-json\/wp\/v2\/categories?post=19006"},{"taxonomy":"post_tag","embeddable":true,"href":"https:\/\/www.forum-soegel.de\/information\/wp-json\/wp\/v2\/tags?post=19006"}],"curies":[{"name":"wp","href":"https:\/\/api.w.org\/{rel}","templated":true}]}}