{"id":18990,"date":"2016-06-06T20:03:31","date_gmt":"2016-06-06T18:03:31","guid":{"rendered":"https:\/\/www.forum-soegel.de\/information\/?p=18990"},"modified":"2016-06-06T20:03:31","modified_gmt":"2016-06-06T18:03:31","slug":"breiter-vertrauensbeweis-fur-schutzenvorstand-2","status":"publish","type":"post","link":"https:\/\/www.forum-soegel.de\/information\/2016\/06\/breiter-vertrauensbeweis-fur-schutzenvorstand-2\/","title":{"rendered":"Breiter Vertrauensbeweis f\u00fcr Sch\u00fctzenvorstand"},"content":{"rendered":"<p style=\"text-align: left;\" align=\"center\"><strong>H\u00fcvener Sch\u00fctzen zogen Bilanz<\/strong><\/p>\n<p style=\"text-align: left;\" align=\"center\">H\u00fcven &#8211; Sehr zufrieden mit dem Verlauf des Jahres 2015 zeigte sich im Rahmen der Generalversammlung des Sch\u00fctzenvereins H\u00fcven e.V. der Vorsitzende Bernd Rolfes. Sein besonderer Gru\u00df galt dem amtierenden K\u00f6nig Oliver Wester nebst Thronherren.<\/p>\n<p>In seinem Jahresr\u00fcckblick wies Bernd Rolfes auf die Veranstaltungen des Vereins hin, vor allem auf das immer wieder gut besuchte Sch\u00fctzenfest.<\/p>\n<p>Das Protokoll und der Kassenbericht wurden einstimmig angenommen, so dass der Entlastung des Vorstandes nichts im Wege stand.<\/p>\n<p>Im Verlauf der Vorstandswahlen wurden der 1. Kassenwart Franz D\u00f6rtelmann und der 2. Schie\u00dfwart G\u00fcnther Schumacher einstimmig wiedergew\u00e4hlt. Eine Neubesetzung gab es auf dem Posten des 2. Vorsitzenden. Ludwig Schulte stellte sein Amt nach 25- j\u00e4hriger Vorstandsarbeit zur Verf\u00fcgung. F\u00fcr ihn wurde Bernd Flind einstimmig als 2.Vorsitzender best\u00e4tigt.<\/p>\n<p>Im Zuge der Ehrungen \u00fcberreichte der Vorstand dem amtierenden K\u00f6nig Oliver Wester die K\u00f6nigsplakette. Zus\u00e4tzlich wurde Ludwig Schulte f\u00fcr 25-j\u00e4hrige Vorstandsarbeit geehrt.<\/p>\n<p>Text\/Foto: Andreas Bruns<\/p>\n<div id=\"attachment_18991\" style=\"width: 310px\" class=\"wp-caption alignnone\"><a href=\"https:\/\/www.forum-soegel.de\/information\/wp-content\/uploads\/2016\/06\/Breiter-Vertrauensbeweis-f\u00fcr-Sch\u00fctzenvorstand.jpg\"><img loading=\"lazy\" decoding=\"async\" aria-describedby=\"caption-attachment-18991\" class=\"size-medium wp-image-18991\" title=\"Breiter Vertrauensbeweis f\u00fcr Sch\u00fctzenvorstand\" src=\"https:\/\/www.forum-soegel.de\/information\/wp-content\/uploads\/2016\/06\/Breiter-Vertrauensbeweis-f\u00fcr-Sch\u00fctzenvorstand-300x200.jpg\" alt=\"\" width=\"300\" height=\"200\" srcset=\"https:\/\/www.forum-soegel.de\/information\/wp-content\/uploads\/2016\/06\/Breiter-Vertrauensbeweis-f\u00fcr-Sch\u00fctzenvorstand-300x200.jpg 300w, https:\/\/www.forum-soegel.de\/information\/wp-content\/uploads\/2016\/06\/Breiter-Vertrauensbeweis-f\u00fcr-Sch\u00fctzenvorstand.jpg 1024w\" sizes=\"auto, (max-width: 300px) 100vw, 300px\" \/><\/a><p id=\"caption-attachment-18991\" class=\"wp-caption-text\">Das Foto zeigt den neuen Vorstand des Sch\u00fctzenvereins H\u00fcven e.V. Von links oben:2. Kassenwart Sven Kortendiek, Schriftf\u00fchrer Andreas Bruns, 2. Schie\u00dfwart G\u00fcnther Schumacher, neuer 2. Vorsitzender Bernd Flind, 1. Beisitzer Georg Wester, 2. Beisitzer Sebastian Rolfes. Von links unten: 1. Schie\u00dfwart Dennis M\u00fcller, 1. Vorsitzender Bernd Rolfes, Ehemaliger 2. Vorsitzender Ludwig Schulte, 1. Kassenwart Franz D\u00f6rtelmann.<\/p><\/div>\n","protected":false},"excerpt":{"rendered":"H\u00fcvener Sch\u00fctzen zogen Bilanz H\u00fcven &#8211; Sehr zufrieden mit dem Verlauf des Jahres 2015 zeigte sich im Rahmen der Generalversammlung des Sch\u00fctzenvereins H\u00fcven e.V. der Vorsitzende Bernd Rolfes. Sein besonderer Gru\u00df galt dem amtierenden K\u00f6nig Oliver Wester nebst Thronherren. In seinem Jahresr\u00fcckblick wies Bernd Rolfes auf die Veranstaltungen des Vereins hin, vor allem auf das [&hellip;]\n","protected":false},"author":2,"featured_media":0,"comment_status":"closed","ping_status":"closed","sticky":false,"template":"","format":"standard","meta":{"ngg_post_thumbnail":0,"footnotes":""},"categories":[5],"tags":[],"class_list":["post-18990","post","type-post","status-publish","format-standard","hentry","category-was-machen-die-vereine"],"_links":{"self":[{"href":"https:\/\/www.forum-soegel.de\/information\/wp-json\/wp\/v2\/posts\/18990","targetHints":{"allow":["GET"]}}],"collection":[{"href":"https:\/\/www.forum-soegel.de\/information\/wp-json\/wp\/v2\/posts"}],"about":[{"href":"https:\/\/www.forum-soegel.de\/information\/wp-json\/wp\/v2\/types\/post"}],"author":[{"embeddable":true,"href":"https:\/\/www.forum-soegel.de\/information\/wp-json\/wp\/v2\/users\/2"}],"replies":[{"embeddable":true,"href":"https:\/\/www.forum-soegel.de\/information\/wp-json\/wp\/v2\/comments?post=18990"}],"version-history":[{"count":1,"href":"https:\/\/www.forum-soegel.de\/information\/wp-json\/wp\/v2\/posts\/18990\/revisions"}],"predecessor-version":[{"id":18992,"href":"https:\/\/www.forum-soegel.de\/information\/wp-json\/wp\/v2\/posts\/18990\/revisions\/18992"}],"wp:attachment":[{"href":"https:\/\/www.forum-soegel.de\/information\/wp-json\/wp\/v2\/media?parent=18990"}],"wp:term":[{"taxonomy":"category","embeddable":true,"href":"https:\/\/www.forum-soegel.de\/information\/wp-json\/wp\/v2\/categories?post=18990"},{"taxonomy":"post_tag","embeddable":true,"href":"https:\/\/www.forum-soegel.de\/information\/wp-json\/wp\/v2\/tags?post=18990"}],"curies":[{"name":"wp","href":"https:\/\/api.w.org\/{rel}","templated":true}]}}