{"id":18987,"date":"2016-06-06T20:02:03","date_gmt":"2016-06-06T18:02:03","guid":{"rendered":"https:\/\/www.forum-soegel.de\/information\/?p=18987"},"modified":"2016-06-06T20:02:03","modified_gmt":"2016-06-06T18:02:03","slug":"auswahlspieler-sv-eintracht-borger-geehrt","status":"publish","type":"post","link":"https:\/\/www.forum-soegel.de\/information\/2016\/06\/auswahlspieler-sv-eintracht-borger-geehrt\/","title":{"rendered":"Auswahlspieler SV Eintracht B\u00f6rger geehrt"},"content":{"rendered":"<p align=\"left\">B\u00f6rger &#8211; Am Sonntag-17.04.2016 wurden die Spieler des SV Eintracht B\u00f6rger, die in Auswahlma\u00dfnamen des NFV und am DFB-St\u00fctzpunkt in S\u00f6gel im DFB\/NFV-Talentf\u00f6rdertraining der U12 aktiv sind, f\u00fcr ihren besonderen Einsatz durch den F\u00f6rderverein Fu\u00dfball und Fu\u00dfballfachwart geehrt.<\/p>\n<p align=\"left\">Karl-Heinz Engbers, Hermann Wintering und Heinz Schultgeers vom F\u00f6rderverein Fu\u00dfball sowie Fu\u00dfballfachwart Martin M\u00fcller \u00fcberreichten den Spielern Lorenz, Mathis, Kevin und Ole als Anerkennung ihrer besonderen Leistung Gutscheine f\u00fcr Sportausr\u00fcstung.<\/p>\n<p align=\"left\">SV Eintracht B\u00f6rger hat derzeit in beinahe jeder Jugendmannschaft zumindest einen lizenzierten Trainer und wird den Jugendfu\u00dfball in Zusammenarbeit mit dem F\u00f6rderverein weiter f\u00f6rdern und unterst\u00fctzen.<\/p>\n<p align=\"left\">Text: Thomas Sch\u00fcrmann \/ Foto:\u00a0 Eintracht B\u00f6rger<\/p>\n<p align=\"left\"><a href=\"https:\/\/www.forum-soegel.de\/information\/wp-content\/uploads\/2016\/06\/Auswahlspieler-SV-Eintracht-B\u00f6rger-geehrt.jpg\"><img loading=\"lazy\" decoding=\"async\" class=\"alignnone size-medium wp-image-18988\" title=\"Auswahlspieler SV Eintracht B\u00f6rger geehrt\" src=\"https:\/\/www.forum-soegel.de\/information\/wp-content\/uploads\/2016\/06\/Auswahlspieler-SV-Eintracht-B\u00f6rger-geehrt-300x262.jpg\" alt=\"\" width=\"300\" height=\"262\" srcset=\"https:\/\/www.forum-soegel.de\/information\/wp-content\/uploads\/2016\/06\/Auswahlspieler-SV-Eintracht-B\u00f6rger-geehrt-300x262.jpg 300w, https:\/\/www.forum-soegel.de\/information\/wp-content\/uploads\/2016\/06\/Auswahlspieler-SV-Eintracht-B\u00f6rger-geehrt.jpg 879w\" sizes=\"auto, (max-width: 300px) 100vw, 300px\" \/><\/a><\/p>\n","protected":false},"excerpt":{"rendered":"B\u00f6rger &#8211; Am Sonntag-17.04.2016 wurden die Spieler des SV Eintracht B\u00f6rger, die in Auswahlma\u00dfnamen des NFV und am DFB-St\u00fctzpunkt in S\u00f6gel im DFB\/NFV-Talentf\u00f6rdertraining der U12 aktiv sind, f\u00fcr ihren besonderen Einsatz durch den F\u00f6rderverein Fu\u00dfball und Fu\u00dfballfachwart geehrt. Karl-Heinz Engbers, Hermann Wintering und Heinz Schultgeers vom F\u00f6rderverein Fu\u00dfball sowie Fu\u00dfballfachwart Martin M\u00fcller \u00fcberreichten den Spielern [&hellip;]\n","protected":false},"author":2,"featured_media":0,"comment_status":"closed","ping_status":"closed","sticky":false,"template":"","format":"standard","meta":{"ngg_post_thumbnail":0,"footnotes":""},"categories":[5],"tags":[],"class_list":["post-18987","post","type-post","status-publish","format-standard","hentry","category-was-machen-die-vereine"],"_links":{"self":[{"href":"https:\/\/www.forum-soegel.de\/information\/wp-json\/wp\/v2\/posts\/18987","targetHints":{"allow":["GET"]}}],"collection":[{"href":"https:\/\/www.forum-soegel.de\/information\/wp-json\/wp\/v2\/posts"}],"about":[{"href":"https:\/\/www.forum-soegel.de\/information\/wp-json\/wp\/v2\/types\/post"}],"author":[{"embeddable":true,"href":"https:\/\/www.forum-soegel.de\/information\/wp-json\/wp\/v2\/users\/2"}],"replies":[{"embeddable":true,"href":"https:\/\/www.forum-soegel.de\/information\/wp-json\/wp\/v2\/comments?post=18987"}],"version-history":[{"count":1,"href":"https:\/\/www.forum-soegel.de\/information\/wp-json\/wp\/v2\/posts\/18987\/revisions"}],"predecessor-version":[{"id":18989,"href":"https:\/\/www.forum-soegel.de\/information\/wp-json\/wp\/v2\/posts\/18987\/revisions\/18989"}],"wp:attachment":[{"href":"https:\/\/www.forum-soegel.de\/information\/wp-json\/wp\/v2\/media?parent=18987"}],"wp:term":[{"taxonomy":"category","embeddable":true,"href":"https:\/\/www.forum-soegel.de\/information\/wp-json\/wp\/v2\/categories?post=18987"},{"taxonomy":"post_tag","embeddable":true,"href":"https:\/\/www.forum-soegel.de\/information\/wp-json\/wp\/v2\/tags?post=18987"}],"curies":[{"name":"wp","href":"https:\/\/api.w.org\/{rel}","templated":true}]}}