{"id":18984,"date":"2016-06-06T20:01:01","date_gmt":"2016-06-06T18:01:01","guid":{"rendered":"https:\/\/www.forum-soegel.de\/information\/?p=18984"},"modified":"2016-06-06T20:01:01","modified_gmt":"2016-06-06T18:01:01","slug":"ausgrenzung-2","status":"publish","type":"post","link":"https:\/\/www.forum-soegel.de\/information\/2016\/06\/ausgrenzung-2\/","title":{"rendered":"Ausgrenzung"},"content":{"rendered":"<p style=\"text-align: left;\" align=\"center\"><strong>In der Geschichte \u2013 in unserem Umfeld<\/strong><\/p>\n<p style=\"text-align: left;\" align=\"center\">S\u00f6gel &#8211; Unter dem Motto: \u201e Mitmachen \u2013 Lernen \u2013 Begreifen\u201c bietet das\u00a0 Forum S\u00f6gel in seiner Geschichtswerkstatt als au\u00dferschulischer Lernort Angebote f\u00fcr Schulen an.<\/p>\n<p align=\"left\">F\u00fcr Sch\u00fclerinnen und Sch\u00fcler der 10. Klasse ging es um das Thema \u201eAusgrenzung\u201c. Unter der moderierenden Leitung von Gerlinde Lammers, stellvertretende Vorsitzende des Forums, und Giesela Henze wurde den jungen G\u00e4sten\u00a0 das emotionale Thema in vier Arbeitsfeldern nahe gebracht.<\/p>\n<p align=\"left\">Bereits im Einstieg konnte man bei der Powerpoint &#8211;\u00a0 Pr\u00e4sentation von drei Beispielen das \u201eBer\u00fchrtsein\u201c der\u00a0 Teilnehmer sp\u00fcren.<\/p>\n<p align=\"left\">Im Folgenden ging es darum, dass die in drei Arbeitsgruppen aufgeteilten M\u00e4dchen und Jungen die Bilder und Texte der Leinwandpr\u00e4sentation auf einer Zeitleiste zuordneten und \u00dcberlegungen zum heutigen Umfeld anstellten.<\/p>\n<p align=\"left\">Mit Rollenspiel und Vorstellung der Gruppenarbeit endete die eineinhalbst\u00fcndige Veranstaltung.<\/p>\n<p align=\"left\">Gemeinsam mit seinen Sch\u00fclern zeigte sich Klassenlehrer J\u00fcrgen Jansen tief beeindruckt, sowohl von der Thematik als auch vom Ergebnis der Gruppenarbeit.<\/p>\n<p align=\"left\">Weitere interessante Themen, wie \u201eAntisemitismus in der NS- Zeit\u201c , \u201eWas konnten sie tun \u2013 Widerstand in dieser Zeit\u201c oder \u201eHerrschaftsprinzip von oben nach unten\u201c bietet das Forum in seinem Flyer: Angebot f\u00fcr Schulen.<\/p>\n<p align=\"left\">Text\/Foto: Klaus Sch\u00e4ffner<\/p>\n<p align=\"left\"><a href=\"https:\/\/www.forum-soegel.de\/information\/wp-content\/uploads\/2016\/06\/Ausgrenzung.jpg\"><img loading=\"lazy\" decoding=\"async\" class=\"alignnone size-medium wp-image-18985\" title=\"Ausgrenzung\" src=\"https:\/\/www.forum-soegel.de\/information\/wp-content\/uploads\/2016\/06\/Ausgrenzung-300x168.jpg\" alt=\"\" width=\"300\" height=\"168\" srcset=\"https:\/\/www.forum-soegel.de\/information\/wp-content\/uploads\/2016\/06\/Ausgrenzung-300x168.jpg 300w, https:\/\/www.forum-soegel.de\/information\/wp-content\/uploads\/2016\/06\/Ausgrenzung.jpg 1024w\" sizes=\"auto, (max-width: 300px) 100vw, 300px\" \/><\/a><\/p>\n","protected":false},"excerpt":{"rendered":"In der Geschichte \u2013 in unserem Umfeld S\u00f6gel &#8211; Unter dem Motto: \u201e Mitmachen \u2013 Lernen \u2013 Begreifen\u201c bietet das\u00a0 Forum S\u00f6gel in seiner Geschichtswerkstatt als au\u00dferschulischer Lernort Angebote f\u00fcr Schulen an. F\u00fcr Sch\u00fclerinnen und Sch\u00fcler der 10. Klasse ging es um das Thema \u201eAusgrenzung\u201c. Unter der moderierenden Leitung von Gerlinde Lammers, stellvertretende Vorsitzende des [&hellip;]\n","protected":false},"author":2,"featured_media":0,"comment_status":"closed","ping_status":"closed","sticky":false,"template":"","format":"standard","meta":{"ngg_post_thumbnail":0,"footnotes":""},"categories":[5],"tags":[],"class_list":["post-18984","post","type-post","status-publish","format-standard","hentry","category-was-machen-die-vereine"],"_links":{"self":[{"href":"https:\/\/www.forum-soegel.de\/information\/wp-json\/wp\/v2\/posts\/18984","targetHints":{"allow":["GET"]}}],"collection":[{"href":"https:\/\/www.forum-soegel.de\/information\/wp-json\/wp\/v2\/posts"}],"about":[{"href":"https:\/\/www.forum-soegel.de\/information\/wp-json\/wp\/v2\/types\/post"}],"author":[{"embeddable":true,"href":"https:\/\/www.forum-soegel.de\/information\/wp-json\/wp\/v2\/users\/2"}],"replies":[{"embeddable":true,"href":"https:\/\/www.forum-soegel.de\/information\/wp-json\/wp\/v2\/comments?post=18984"}],"version-history":[{"count":1,"href":"https:\/\/www.forum-soegel.de\/information\/wp-json\/wp\/v2\/posts\/18984\/revisions"}],"predecessor-version":[{"id":18986,"href":"https:\/\/www.forum-soegel.de\/information\/wp-json\/wp\/v2\/posts\/18984\/revisions\/18986"}],"wp:attachment":[{"href":"https:\/\/www.forum-soegel.de\/information\/wp-json\/wp\/v2\/media?parent=18984"}],"wp:term":[{"taxonomy":"category","embeddable":true,"href":"https:\/\/www.forum-soegel.de\/information\/wp-json\/wp\/v2\/categories?post=18984"},{"taxonomy":"post_tag","embeddable":true,"href":"https:\/\/www.forum-soegel.de\/information\/wp-json\/wp\/v2\/tags?post=18984"}],"curies":[{"name":"wp","href":"https:\/\/api.w.org\/{rel}","templated":true}]}}