{"id":18980,"date":"2016-06-06T19:59:53","date_gmt":"2016-06-06T17:59:53","guid":{"rendered":"https:\/\/www.forum-soegel.de\/information\/?p=18980"},"modified":"2016-06-06T19:59:53","modified_gmt":"2016-06-06T17:59:53","slug":"25-jahriges-bestehen-heimatverein-dlrg-stutzpunkt-bersen","status":"publish","type":"post","link":"https:\/\/www.forum-soegel.de\/information\/2016\/06\/25-jahriges-bestehen-heimatverein-dlrg-stutzpunkt-bersen\/","title":{"rendered":"25 -j\u00e4hriges Bestehen Heimatverein \/ DLRG St\u00fctzpunkt Ber\u00dfen"},"content":{"rendered":"<p>Ber\u00dfen &#8211; Anl\u00e4sslich der 25-j\u00e4hrigen Jubil\u00e4en laden der Heimatverein Ber\u00dfen und<\/p>\n<p>der DLRG St\u00fctzpunkt Ber\u00dfen zu einem Tag der offenen T\u00fcr am 26.06.2016 in und ums Freibad\/Heimathaus Klein Ber\u00dfen ein.<\/p>\n<p>Wir starten um 14:00 Uhr mit einem bunten Programm f\u00fcr Klein und Gro\u00df, Jung<\/p>\n<p>und Alt!\u00a0 F\u00fcr das leibliche Wohl ist gesorgt!<\/p>\n<p>Text\/Foto: Detlef D\u00fchnen<\/p>\n<p><a href=\"https:\/\/www.forum-soegel.de\/information\/wp-content\/uploads\/2016\/06\/25-j\u00e4hriges-Bestehen-Heimatverein-DLRG-St\u00fctzpunkt-Ber\u00dfen1.jpg\"><img loading=\"lazy\" decoding=\"async\" class=\"alignnone size-thumbnail wp-image-18981\" title=\"25 j\u00e4hriges Bestehen Heimatverein  DLRG St\u00fctzpunkt Ber\u00dfen1\" src=\"https:\/\/www.forum-soegel.de\/information\/wp-content\/uploads\/2016\/06\/25-j\u00e4hriges-Bestehen-Heimatverein-DLRG-St\u00fctzpunkt-Ber\u00dfen1-150x150.jpg\" alt=\"\" width=\"150\" height=\"150\" \/><\/a>\u00a0\u00a0<a href=\"https:\/\/www.forum-soegel.de\/information\/wp-content\/uploads\/2016\/06\/25-j\u00e4hriges-Bestehen-Heimatverein-DLRG-St\u00fctzpunkt-Ber\u00dfen2.jpg\"><img loading=\"lazy\" decoding=\"async\" class=\"alignnone size-thumbnail wp-image-18982\" title=\"25 j\u00e4hriges Bestehen Heimatverein  DLRG St\u00fctzpunkt Ber\u00dfen2\" src=\"https:\/\/www.forum-soegel.de\/information\/wp-content\/uploads\/2016\/06\/25-j\u00e4hriges-Bestehen-Heimatverein-DLRG-St\u00fctzpunkt-Ber\u00dfen2-150x150.jpg\" alt=\"\" width=\"150\" height=\"150\" \/><\/a><\/p>\n<p>&nbsp;<\/p>\n","protected":false},"excerpt":{"rendered":"Ber\u00dfen &#8211; Anl\u00e4sslich der 25-j\u00e4hrigen Jubil\u00e4en laden der Heimatverein Ber\u00dfen und der DLRG St\u00fctzpunkt Ber\u00dfen zu einem Tag der offenen T\u00fcr am 26.06.2016 in und ums Freibad\/Heimathaus Klein Ber\u00dfen ein. Wir starten um 14:00 Uhr mit einem bunten Programm f\u00fcr Klein und Gro\u00df, Jung und Alt!\u00a0 F\u00fcr das leibliche Wohl ist gesorgt! Text\/Foto: Detlef D\u00fchnen [&hellip;]\n","protected":false},"author":2,"featured_media":0,"comment_status":"closed","ping_status":"closed","sticky":false,"template":"","format":"standard","meta":{"ngg_post_thumbnail":0,"footnotes":""},"categories":[5],"tags":[],"class_list":["post-18980","post","type-post","status-publish","format-standard","hentry","category-was-machen-die-vereine"],"_links":{"self":[{"href":"https:\/\/www.forum-soegel.de\/information\/wp-json\/wp\/v2\/posts\/18980","targetHints":{"allow":["GET"]}}],"collection":[{"href":"https:\/\/www.forum-soegel.de\/information\/wp-json\/wp\/v2\/posts"}],"about":[{"href":"https:\/\/www.forum-soegel.de\/information\/wp-json\/wp\/v2\/types\/post"}],"author":[{"embeddable":true,"href":"https:\/\/www.forum-soegel.de\/information\/wp-json\/wp\/v2\/users\/2"}],"replies":[{"embeddable":true,"href":"https:\/\/www.forum-soegel.de\/information\/wp-json\/wp\/v2\/comments?post=18980"}],"version-history":[{"count":1,"href":"https:\/\/www.forum-soegel.de\/information\/wp-json\/wp\/v2\/posts\/18980\/revisions"}],"predecessor-version":[{"id":18983,"href":"https:\/\/www.forum-soegel.de\/information\/wp-json\/wp\/v2\/posts\/18980\/revisions\/18983"}],"wp:attachment":[{"href":"https:\/\/www.forum-soegel.de\/information\/wp-json\/wp\/v2\/media?parent=18980"}],"wp:term":[{"taxonomy":"category","embeddable":true,"href":"https:\/\/www.forum-soegel.de\/information\/wp-json\/wp\/v2\/categories?post=18980"},{"taxonomy":"post_tag","embeddable":true,"href":"https:\/\/www.forum-soegel.de\/information\/wp-json\/wp\/v2\/tags?post=18980"}],"curies":[{"name":"wp","href":"https:\/\/api.w.org\/{rel}","templated":true}]}}