{"id":18977,"date":"2016-06-06T19:58:20","date_gmt":"2016-06-06T17:58:20","guid":{"rendered":"https:\/\/www.forum-soegel.de\/information\/?p=18977"},"modified":"2016-06-06T19:58:20","modified_gmt":"2016-06-06T17:58:20","slug":"sogeler-kfd-frauen-besichtigen-neue-kindertagesstatte-st-jakobus","status":"publish","type":"post","link":"https:\/\/www.forum-soegel.de\/information\/2016\/06\/sogeler-kfd-frauen-besichtigen-neue-kindertagesstatte-st-jakobus\/","title":{"rendered":"S\u00f6geler kfd-Frauen besichtigen neue Kindertagesst\u00e4tte St. Jakobus"},"content":{"rendered":"<p align=\"left\">S\u00f6gel &#8211; \u00dcber 50 Frauen sind \u00a0der Einladung von Kindertagesst\u00e4tten-Leiterin und B\u00fcrgermeisterin Irmgard Welling gefolgt und haben das neu errichtete Familienzentrum St. Jakobus besichtigt.<\/p>\n<p align=\"left\">Gleich zu Beginn des Besuches ging es in den gro\u00dfz\u00fcgigen Eingangsbereich mit Elterncafe, Gebetsplatz und Informationstafel. Beim weiteren Rundgang durch das Geb\u00e4ude \u00a0konnten die Frauen auch die Cafeteria mit K\u00fcche in Augenschein nehmen, wo die 3 &#8211; 6-j\u00e4hrigen Kinder fr\u00fchst\u00fccken und zu Mittag essen. Zudem erhielten die Besucherinnen einen Einblick in die Organisationsstruktur am Beispiel des Eingew\u00f6hnungsprozesses und des Tagesablaufes. \u201eUnsere katholische Kindertagesst\u00e4tte St. Jakobus\u00a0 hat von 7.00 Uhr bis 16.30 Uhr ge\u00f6ffnet. Um jedem Kind zu zeigen, dass es willkommen und ein wichtiges Mitglied seiner Gruppe ist, ist uns die pers\u00f6nliche Begr\u00fc\u00dfung am Morgen sehr wichtig\u201c, sagte Irmgard Welling.<\/p>\n<p align=\"left\">Zur kompletten r\u00e4umlichen Ausstattung der Kindertagesst\u00e4tte, die sich in Tr\u00e4gerschaft der katholischen Kirchengemeinde S\u00f6gel befindet, z\u00e4hlen \u00a0vier Gruppenr\u00e4ume f\u00fcr die 3 \u2013 6- j\u00e4hrigen Kinder mit je einer 2.Ebene und einer K\u00fcche, f\u00fcnf Intensivr\u00e4ume f\u00fcr Musik, Religion, Werken u. Kleine Forscher sowie Ruheraum mit Angeboten der heilp\u00e4dagogischen Fachkraft und Sprachf\u00f6rderung, \u00a0zwei Krippengruppen im rechten Fl\u00fcgel des Geb\u00e4udes mit je einem Ruheraum, einem gemeinsamen Intensivraum und einem Raum f\u00fcr das Abstellen von Kinderwagen, gro\u00dfe Sanit\u00e4ranlagen mit Wickeltischen, B\u00fcror\u00e4umlichkeiten und die R\u00e4ume der Mitarbeiterinnen.<\/p>\n<p align=\"left\">\u201eUnsere Einrichtung ist eine Anlauf- und Beratungsstelle f\u00fcr alle Anliegen rund um das Thema Kinderbetreuung, wozu selbstverst\u00e4ndlich die Inklusion von Kindern mit einer geistigen, k\u00f6rperlichen oder seelischen Beeintr\u00e4chtigung\u00a0 und die\u00a0 Integration von Kindern und deren Familien mit Migrationshintergrund geh\u00f6ren\u201c, erkl\u00e4rte Irmgard Welling. Begeistert zeigten sich \u00a0die Besucherinnen zudem von den direkten Zug\u00e4ngen aus den Gruppenr\u00e4umen zu der wundersch\u00f6n gesch\u00fctzten Parkanlage als Au\u00dfenspielbereich, der separat abgetrennt ist f\u00fcr die Kinder der Regelgruppen und Krippengruppen. \u201eEine tolle Einrichtung, die den wachsenden Anforderungen an eine Kinderbetreuung wohl mehr als gerecht wird\u201c, kommentierten die Frauen.<\/p>\n<p align=\"left\">Abschlie\u00dfend f\u00fchrte Irmgard Welling die kfd- Frauen in das Kellergew\u00f6lbe des Rathauses und \u00fcberraschte sie dort mit leckeren Canapes als kleines Dankesch\u00f6n f\u00fcr die Unterst\u00fctzung bei der Einweihung der Kindertagesst\u00e4tte im letzten Jahr. Auch Samtgemeindeb\u00fcrgermeister G\u00fcnter Wigbers hie\u00df die Frauen herzlich willkommen und lud zum gem\u00fctlichen Beisammensein ein. Eine Hutspende der kfd S\u00f6gel in H\u00f6he von 185,00 \u20ac reichte B\u00fcrgermeisterin Irmgard Welling gro\u00dfz\u00fcgigerweise an die \u201eS\u00f6geler Tafel\u201c weiter.<\/p>\n<p align=\"left\">Text: Gisela Arling \/ Foto: Gertrud Janssen<\/p>\n<p align=\"left\"><a href=\"https:\/\/www.forum-soegel.de\/information\/wp-content\/uploads\/2016\/06\/S\u00f6geler-kfd-Frauen-besichtigen-neue-Kindertagesst\u00e4tte-St.-Jakobus.jpg\"><img loading=\"lazy\" decoding=\"async\" class=\"alignnone size-medium wp-image-18978\" title=\"S\u00f6geler kfd-Frauen besichtigen neue Kindertagesst\u00e4tte St. Jakobus\" src=\"https:\/\/www.forum-soegel.de\/information\/wp-content\/uploads\/2016\/06\/S\u00f6geler-kfd-Frauen-besichtigen-neue-Kindertagesst\u00e4tte-St.-Jakobus-300x225.jpg\" alt=\"\" width=\"300\" height=\"225\" srcset=\"https:\/\/www.forum-soegel.de\/information\/wp-content\/uploads\/2016\/06\/S\u00f6geler-kfd-Frauen-besichtigen-neue-Kindertagesst\u00e4tte-St.-Jakobus-300x225.jpg 300w, https:\/\/www.forum-soegel.de\/information\/wp-content\/uploads\/2016\/06\/S\u00f6geler-kfd-Frauen-besichtigen-neue-Kindertagesst\u00e4tte-St.-Jakobus.jpg 1024w\" sizes=\"auto, (max-width: 300px) 100vw, 300px\" \/><\/a><\/p>\n","protected":false},"excerpt":{"rendered":"S\u00f6gel &#8211; \u00dcber 50 Frauen sind \u00a0der Einladung von Kindertagesst\u00e4tten-Leiterin und B\u00fcrgermeisterin Irmgard Welling gefolgt und haben das neu errichtete Familienzentrum St. Jakobus besichtigt. Gleich zu Beginn des Besuches ging es in den gro\u00dfz\u00fcgigen Eingangsbereich mit Elterncafe, Gebetsplatz und Informationstafel. Beim weiteren Rundgang durch das Geb\u00e4ude \u00a0konnten die Frauen auch die Cafeteria mit K\u00fcche in [&hellip;]\n","protected":false},"author":2,"featured_media":0,"comment_status":"closed","ping_status":"closed","sticky":false,"template":"","format":"standard","meta":{"ngg_post_thumbnail":0,"footnotes":""},"categories":[868],"tags":[],"class_list":["post-18977","post","type-post","status-publish","format-standard","hentry","category-zwischen-himmel-und-erde"],"_links":{"self":[{"href":"https:\/\/www.forum-soegel.de\/information\/wp-json\/wp\/v2\/posts\/18977","targetHints":{"allow":["GET"]}}],"collection":[{"href":"https:\/\/www.forum-soegel.de\/information\/wp-json\/wp\/v2\/posts"}],"about":[{"href":"https:\/\/www.forum-soegel.de\/information\/wp-json\/wp\/v2\/types\/post"}],"author":[{"embeddable":true,"href":"https:\/\/www.forum-soegel.de\/information\/wp-json\/wp\/v2\/users\/2"}],"replies":[{"embeddable":true,"href":"https:\/\/www.forum-soegel.de\/information\/wp-json\/wp\/v2\/comments?post=18977"}],"version-history":[{"count":1,"href":"https:\/\/www.forum-soegel.de\/information\/wp-json\/wp\/v2\/posts\/18977\/revisions"}],"predecessor-version":[{"id":18979,"href":"https:\/\/www.forum-soegel.de\/information\/wp-json\/wp\/v2\/posts\/18977\/revisions\/18979"}],"wp:attachment":[{"href":"https:\/\/www.forum-soegel.de\/information\/wp-json\/wp\/v2\/media?parent=18977"}],"wp:term":[{"taxonomy":"category","embeddable":true,"href":"https:\/\/www.forum-soegel.de\/information\/wp-json\/wp\/v2\/categories?post=18977"},{"taxonomy":"post_tag","embeddable":true,"href":"https:\/\/www.forum-soegel.de\/information\/wp-json\/wp\/v2\/tags?post=18977"}],"curies":[{"name":"wp","href":"https:\/\/api.w.org\/{rel}","templated":true}]}}