{"id":18974,"date":"2016-06-06T19:57:24","date_gmt":"2016-06-06T17:57:24","guid":{"rendered":"https:\/\/www.forum-soegel.de\/information\/?p=18974"},"modified":"2016-06-06T19:57:24","modified_gmt":"2016-06-06T17:57:24","slug":"schiesabend-der-kfd-huven-wurde-gut-angenommen","status":"publish","type":"post","link":"https:\/\/www.forum-soegel.de\/information\/2016\/06\/schiesabend-der-kfd-huven-wurde-gut-angenommen\/","title":{"rendered":"Schie\u00dfabend der kfd- H\u00fcven wurde gut angenommen"},"content":{"rendered":"<p>H\u00fcven &#8211; Der Vorstand der kfd -H\u00fcven hatte in diesen Tagen alle Frauen aus H\u00fcven zu einem Schie\u00dfabend in das H\u00fcvener Sch\u00fctzenhaus eingeladen. Unter fachkundiger Leitung der beiden Schie\u00dfwarte Dennis M\u00fcller und G\u00fcnter Schumacher wurden an diesem Abend die zielsichersten Sch\u00fctzinnen ermittelt. Sabine Rickermann konnte die meisten Punkte erzielen und erhielt daf\u00fcr einen Pokal. Auf den weiteren Pl\u00e4tzen folgten Jessica Sandmann und Doreen Willoh. Neben dem sportlichen Wettkampf kam auch die Geselligkeit nicht zu kurz. Unser Foto zeigt von links nach rechts: Jessica Sandmann, Sabine Rickermann, Doreen Willoh.<\/p>\n<p>Text: Ingrid Cloppenburg \/ Foto: Anette D\u00f6rtelmann<\/p>\n<p><a href=\"https:\/\/www.forum-soegel.de\/information\/wp-content\/uploads\/2016\/06\/Schie\u00dfabend-der-KFD-H\u00fcven-wurde-gut-angenommen.jpg\"><img loading=\"lazy\" decoding=\"async\" class=\"alignnone size-medium wp-image-18975\" title=\"Schie\u00dfabend der KFD H\u00fcven wurde gut angenommen\" src=\"https:\/\/www.forum-soegel.de\/information\/wp-content\/uploads\/2016\/06\/Schie\u00dfabend-der-KFD-H\u00fcven-wurde-gut-angenommen-300x168.jpg\" alt=\"\" width=\"300\" height=\"168\" srcset=\"https:\/\/www.forum-soegel.de\/information\/wp-content\/uploads\/2016\/06\/Schie\u00dfabend-der-KFD-H\u00fcven-wurde-gut-angenommen-300x168.jpg 300w, https:\/\/www.forum-soegel.de\/information\/wp-content\/uploads\/2016\/06\/Schie\u00dfabend-der-KFD-H\u00fcven-wurde-gut-angenommen.jpg 1024w\" sizes=\"auto, (max-width: 300px) 100vw, 300px\" \/><\/a><\/p>\n","protected":false},"excerpt":{"rendered":"H\u00fcven &#8211; Der Vorstand der kfd -H\u00fcven hatte in diesen Tagen alle Frauen aus H\u00fcven zu einem Schie\u00dfabend in das H\u00fcvener Sch\u00fctzenhaus eingeladen. Unter fachkundiger Leitung der beiden Schie\u00dfwarte Dennis M\u00fcller und G\u00fcnter Schumacher wurden an diesem Abend die zielsichersten Sch\u00fctzinnen ermittelt. Sabine Rickermann konnte die meisten Punkte erzielen und erhielt daf\u00fcr einen Pokal. Auf [&hellip;]\n","protected":false},"author":2,"featured_media":0,"comment_status":"closed","ping_status":"closed","sticky":false,"template":"","format":"standard","meta":{"ngg_post_thumbnail":0,"footnotes":""},"categories":[868],"tags":[],"class_list":["post-18974","post","type-post","status-publish","format-standard","hentry","category-zwischen-himmel-und-erde"],"_links":{"self":[{"href":"https:\/\/www.forum-soegel.de\/information\/wp-json\/wp\/v2\/posts\/18974","targetHints":{"allow":["GET"]}}],"collection":[{"href":"https:\/\/www.forum-soegel.de\/information\/wp-json\/wp\/v2\/posts"}],"about":[{"href":"https:\/\/www.forum-soegel.de\/information\/wp-json\/wp\/v2\/types\/post"}],"author":[{"embeddable":true,"href":"https:\/\/www.forum-soegel.de\/information\/wp-json\/wp\/v2\/users\/2"}],"replies":[{"embeddable":true,"href":"https:\/\/www.forum-soegel.de\/information\/wp-json\/wp\/v2\/comments?post=18974"}],"version-history":[{"count":1,"href":"https:\/\/www.forum-soegel.de\/information\/wp-json\/wp\/v2\/posts\/18974\/revisions"}],"predecessor-version":[{"id":18976,"href":"https:\/\/www.forum-soegel.de\/information\/wp-json\/wp\/v2\/posts\/18974\/revisions\/18976"}],"wp:attachment":[{"href":"https:\/\/www.forum-soegel.de\/information\/wp-json\/wp\/v2\/media?parent=18974"}],"wp:term":[{"taxonomy":"category","embeddable":true,"href":"https:\/\/www.forum-soegel.de\/information\/wp-json\/wp\/v2\/categories?post=18974"},{"taxonomy":"post_tag","embeddable":true,"href":"https:\/\/www.forum-soegel.de\/information\/wp-json\/wp\/v2\/tags?post=18974"}],"curies":[{"name":"wp","href":"https:\/\/api.w.org\/{rel}","templated":true}]}}