{"id":18972,"date":"2016-06-06T19:56:28","date_gmt":"2016-06-06T17:56:28","guid":{"rendered":"https:\/\/www.forum-soegel.de\/information\/?p=18972"},"modified":"2016-06-06T19:56:28","modified_gmt":"2016-06-06T17:56:28","slug":"rom-2016-2","status":"publish","type":"post","link":"https:\/\/www.forum-soegel.de\/information\/2016\/06\/rom-2016-2\/","title":{"rendered":"Rom 2016"},"content":{"rendered":"<p>S\u00f6gel &#8211; Zugunsten der Romfahrt der H\u00fcmmlinger Pfarreiengemeinschaft vom 8. bis 15. Oktober 2016 veranstaltet die Katholische Jugend S\u00f6gel (KJS) in Kooperation mit den Autoh\u00e4usern Bartels, K\u00fcnnen und Osters eine gro\u00dfe Autowaschaktion. Der Erl\u00f6s dient der finanziellen Unterst\u00fctzung der Jugendlichen und jungen Erwachsenen, die an der Gemeindefahrt teilnehmen wollen. Die Autowaschaktion wird stattfinden<\/p>\n<p><strong>am Samstag, dem 11. Juni 2016 von 8.00 Uhr bis 16.00 Uhr<\/strong>. W\u00e4hrend Ihr Auto gereinigt wird, sorgen Gruppenleiter und \u2013leiterinnen f\u00fcr das leibliche Wohl vor Ort. Wir bitten um eine gute Unterst\u00fctzung der Aktion, um den Teilnehmern und Teilnehmerinnen die Fahrt zu erm\u00f6glichen.<\/p>\n<p>Anmeldungen zur Romfahrt sind weiterhin m\u00f6glich \u00fcber H\u00f6ffmann Reisen. Entsprechende Informations- und Anmeldeflyer liegen in der Kirche aus. Weitere Informationen f\u00fcr Jugendliche und junge Erwachsene geben Roswitha H\u00f6lscher und Kaplan Marco Risse.<\/p>\n<p>&nbsp;<\/p>\n<p>Text: Marco Risse<\/p>\n<p>&nbsp;<\/p>\n<p>&nbsp;<\/p>\n","protected":false},"excerpt":{"rendered":"S\u00f6gel &#8211; Zugunsten der Romfahrt der H\u00fcmmlinger Pfarreiengemeinschaft vom 8. bis 15. Oktober 2016 veranstaltet die Katholische Jugend S\u00f6gel (KJS) in Kooperation mit den Autoh\u00e4usern Bartels, K\u00fcnnen und Osters eine gro\u00dfe Autowaschaktion. Der Erl\u00f6s dient der finanziellen Unterst\u00fctzung der Jugendlichen und jungen Erwachsenen, die an der Gemeindefahrt teilnehmen wollen. Die Autowaschaktion wird stattfinden am Samstag, [&hellip;]\n","protected":false},"author":2,"featured_media":0,"comment_status":"closed","ping_status":"closed","sticky":false,"template":"","format":"standard","meta":{"ngg_post_thumbnail":0,"footnotes":""},"categories":[868],"tags":[],"class_list":["post-18972","post","type-post","status-publish","format-standard","hentry","category-zwischen-himmel-und-erde"],"_links":{"self":[{"href":"https:\/\/www.forum-soegel.de\/information\/wp-json\/wp\/v2\/posts\/18972","targetHints":{"allow":["GET"]}}],"collection":[{"href":"https:\/\/www.forum-soegel.de\/information\/wp-json\/wp\/v2\/posts"}],"about":[{"href":"https:\/\/www.forum-soegel.de\/information\/wp-json\/wp\/v2\/types\/post"}],"author":[{"embeddable":true,"href":"https:\/\/www.forum-soegel.de\/information\/wp-json\/wp\/v2\/users\/2"}],"replies":[{"embeddable":true,"href":"https:\/\/www.forum-soegel.de\/information\/wp-json\/wp\/v2\/comments?post=18972"}],"version-history":[{"count":1,"href":"https:\/\/www.forum-soegel.de\/information\/wp-json\/wp\/v2\/posts\/18972\/revisions"}],"predecessor-version":[{"id":18973,"href":"https:\/\/www.forum-soegel.de\/information\/wp-json\/wp\/v2\/posts\/18972\/revisions\/18973"}],"wp:attachment":[{"href":"https:\/\/www.forum-soegel.de\/information\/wp-json\/wp\/v2\/media?parent=18972"}],"wp:term":[{"taxonomy":"category","embeddable":true,"href":"https:\/\/www.forum-soegel.de\/information\/wp-json\/wp\/v2\/categories?post=18972"},{"taxonomy":"post_tag","embeddable":true,"href":"https:\/\/www.forum-soegel.de\/information\/wp-json\/wp\/v2\/tags?post=18972"}],"curies":[{"name":"wp","href":"https:\/\/api.w.org\/{rel}","templated":true}]}}