{"id":18969,"date":"2016-06-06T19:55:56","date_gmt":"2016-06-06T17:55:56","guid":{"rendered":"https:\/\/www.forum-soegel.de\/information\/?p=18969"},"modified":"2016-06-06T19:55:56","modified_gmt":"2016-06-06T17:55:56","slug":"pastoralreferentin-ruth-schmitz-spricht-zur-glaubenswoche-in-stavern","status":"publish","type":"post","link":"https:\/\/www.forum-soegel.de\/information\/2016\/06\/pastoralreferentin-ruth-schmitz-spricht-zur-glaubenswoche-in-stavern\/","title":{"rendered":"Pastoralreferentin Ruth Schmitz spricht zur Glaubenswoche in Stavern"},"content":{"rendered":"<p align=\"left\">Stavern &#8211; Anl\u00e4sslich der Glaubenswoche im Pfarrverbund um S\u00f6gel kamen ca. 40 interessierte Gl\u00e4ubige in das Jugendheim in Stavern, wo Pastoralreferentin Ruth Schmitz aus Ankum zum Thema \u201eIn den Kocht\u00f6pfen und am Schreibtisch meines Alltags Gott entdecken\u201c sprach. Gleich zu Beginn ihres Vortrages verwies sie auf ein Zitat von Pater Johannes \u201e Sie k\u00f6nnen viel \u00fcber Gott reden, aber h\u00f6ren Sie nie auf, mit ihm zu sprechen.\u201c Im Gebet gehe es vor allem darum, Gott kennenzulernen \u2013 sich selbst kennenzulernen, so Schmitz weiter, und man sollte mit Gott sprechen wie mit einem engen Vertrauten, um mit der Sehnsucht in Ber\u00fchrung zu kommen, daheim zu sein in absoluter Geborgenheit. Am Ende des Tages sollte man sich fragen: \u201eWo ist mir heute etwas passiert, wof\u00fcr ich Danke sagen kann? Hat mir zum Beispiel jemand ein nettes L\u00e4cheln geschenkt?\u201c \u00a0Um Erlebnisse \u00a0zu deuten, br\u00e4uchten die Menschen \u00a0ein Schl\u00fcsselerlebnis, f\u00fcgte die Referentin hinzu und sagte: \u201eWir haben in unserer Kirche einen ganz gro\u00dfen Erfahrungsschatz, die Bibel. Die Heilige Schrift ist ein wichtiger Deutungsschl\u00fcssel f\u00fcr unser Leben.\u201c \u00a0Im Alltag in der Bibel\u00a0 lesen, so Schmitz, \u00a0um sich einzu\u00fcben in ihren Deutungshorizont der christlichen Wirklichkeit, sei sehr wichtig. \u201eDer Glaube ver\u00e4ndert sich im Leben st\u00e4ndig, dazu geh\u00f6ren auch Glaubenszweifel. \u00a0Geistliches Leben und normales Leben geh\u00f6ren zusammen\u201c, sagte Schmitz. Der Abend, bei dem auch Fragen gestellt und ausdiskutiert wurden, fand seinen Ausklang mit einem gemeinsam gesungenen Lied und einem Gebet mit Pastor Horstmann. Dieser bedankte sich zudem bei der Referentin f\u00fcr den gelungenen Vortrag und bei den Organisatoren f\u00fcr den vorbereiteten Imbiss.<\/p>\n<p align=\"left\">Text\/Foto: Gisela Arling<\/p>\n<p align=\"left\"><a href=\"https:\/\/www.forum-soegel.de\/information\/wp-content\/uploads\/2016\/06\/Pastoralreferentin-Ruth-Schmitz-spricht-zur-Glaubenswoche-in-Stavern.jpg\"><img loading=\"lazy\" decoding=\"async\" class=\"alignnone size-medium wp-image-18970\" title=\"Pastoralreferentin Ruth Schmitz spricht zur Glaubenswoche in Stavern\" src=\"https:\/\/www.forum-soegel.de\/information\/wp-content\/uploads\/2016\/06\/Pastoralreferentin-Ruth-Schmitz-spricht-zur-Glaubenswoche-in-Stavern-300x176.jpg\" alt=\"\" width=\"300\" height=\"176\" srcset=\"https:\/\/www.forum-soegel.de\/information\/wp-content\/uploads\/2016\/06\/Pastoralreferentin-Ruth-Schmitz-spricht-zur-Glaubenswoche-in-Stavern-300x176.jpg 300w, https:\/\/www.forum-soegel.de\/information\/wp-content\/uploads\/2016\/06\/Pastoralreferentin-Ruth-Schmitz-spricht-zur-Glaubenswoche-in-Stavern.jpg 1024w\" sizes=\"auto, (max-width: 300px) 100vw, 300px\" \/><\/a><\/p>\n<p align=\"left\">\n","protected":false},"excerpt":{"rendered":"Stavern &#8211; Anl\u00e4sslich der Glaubenswoche im Pfarrverbund um S\u00f6gel kamen ca. 40 interessierte Gl\u00e4ubige in das Jugendheim in Stavern, wo Pastoralreferentin Ruth Schmitz aus Ankum zum Thema \u201eIn den Kocht\u00f6pfen und am Schreibtisch meines Alltags Gott entdecken\u201c sprach. Gleich zu Beginn ihres Vortrages verwies sie auf ein Zitat von Pater Johannes \u201e Sie k\u00f6nnen viel [&hellip;]\n","protected":false},"author":2,"featured_media":0,"comment_status":"closed","ping_status":"closed","sticky":false,"template":"","format":"standard","meta":{"ngg_post_thumbnail":0,"footnotes":""},"categories":[868],"tags":[],"class_list":["post-18969","post","type-post","status-publish","format-standard","hentry","category-zwischen-himmel-und-erde"],"_links":{"self":[{"href":"https:\/\/www.forum-soegel.de\/information\/wp-json\/wp\/v2\/posts\/18969","targetHints":{"allow":["GET"]}}],"collection":[{"href":"https:\/\/www.forum-soegel.de\/information\/wp-json\/wp\/v2\/posts"}],"about":[{"href":"https:\/\/www.forum-soegel.de\/information\/wp-json\/wp\/v2\/types\/post"}],"author":[{"embeddable":true,"href":"https:\/\/www.forum-soegel.de\/information\/wp-json\/wp\/v2\/users\/2"}],"replies":[{"embeddable":true,"href":"https:\/\/www.forum-soegel.de\/information\/wp-json\/wp\/v2\/comments?post=18969"}],"version-history":[{"count":1,"href":"https:\/\/www.forum-soegel.de\/information\/wp-json\/wp\/v2\/posts\/18969\/revisions"}],"predecessor-version":[{"id":18971,"href":"https:\/\/www.forum-soegel.de\/information\/wp-json\/wp\/v2\/posts\/18969\/revisions\/18971"}],"wp:attachment":[{"href":"https:\/\/www.forum-soegel.de\/information\/wp-json\/wp\/v2\/media?parent=18969"}],"wp:term":[{"taxonomy":"category","embeddable":true,"href":"https:\/\/www.forum-soegel.de\/information\/wp-json\/wp\/v2\/categories?post=18969"},{"taxonomy":"post_tag","embeddable":true,"href":"https:\/\/www.forum-soegel.de\/information\/wp-json\/wp\/v2\/tags?post=18969"}],"curies":[{"name":"wp","href":"https:\/\/api.w.org\/{rel}","templated":true}]}}