{"id":18966,"date":"2016-06-06T19:54:55","date_gmt":"2016-06-06T17:54:55","guid":{"rendered":"https:\/\/www.forum-soegel.de\/information\/?p=18966"},"modified":"2016-06-06T19:54:55","modified_gmt":"2016-06-06T17:54:55","slug":"%e2%80%9emit-den-kleinsten-gott-entdecken%e2%80%a6%e2%80%9c","status":"publish","type":"post","link":"https:\/\/www.forum-soegel.de\/information\/2016\/06\/%e2%80%9emit-den-kleinsten-gott-entdecken%e2%80%a6%e2%80%9c\/","title":{"rendered":"\u201eMit den Kleinsten Gott entdecken\u2026\u201c"},"content":{"rendered":"<p>S\u00f6gel &#8211; Zu diesem Thema kamen viele Erzieherinnen der verschiedenen Krippengruppen der Samtgemeinde S\u00f6gel im Gemeindezentrum in S\u00f6gel zusammen. Gemeinsam mit der Referentin B\u00e4rbel Grote (Kindertagesst\u00e4tten- pastoral des Bistums Osnabr\u00fcck) wurde \u00fcberlegt und erarbeitet, wie die religi\u00f6sen Aspekte auch in den Krippengruppen zum Tragen kommen k\u00f6nnen.<\/p>\n<p>Festgestellt wurde, dass schon die Basis, das eigene Erleben von Religion eine gro\u00dfe Rolle spielt, wie man Religion bei den 1-3-j\u00e4hrigen vermittelt. Nachdem in Kleingruppen praktische Beispiele erarbeitet wurden, kamen alle zu dem<\/p>\n<p>Schluss, \u201eweniger ist mehr\u201c!<\/p>\n<p>Die Kleinsten d\u00fcrfen nicht \u00fcberrollt werden mit biblischem Wissen. Sie sollen durch Symbole und Figuren oder Personen die Geschichten und Ereignisse neu miterleben k\u00f6nnen oder kennenlernen!<\/p>\n<p>Eine einfach gelungene Fortbildung, fanden im Anschluss alle Teilnehmer, die sich mit einem kleinen Blumenstrau\u00df bei Frau Grote bedankten!<\/p>\n<p>Text\/Foto: Heike Rohe<\/p>\n<div id=\"attachment_18967\" style=\"width: 310px\" class=\"wp-caption alignnone\"><a href=\"https:\/\/www.forum-soegel.de\/information\/wp-content\/uploads\/2016\/06\/Mit-den-Kleinsten-Gott-entdecken\u2026.jpg\"><img loading=\"lazy\" decoding=\"async\" aria-describedby=\"caption-attachment-18967\" class=\"size-medium wp-image-18967\" title=\"Mit den Kleinsten Gott entdecken\u2026\" src=\"https:\/\/www.forum-soegel.de\/information\/wp-content\/uploads\/2016\/06\/Mit-den-Kleinsten-Gott-entdecken\u2026-300x225.jpg\" alt=\"\" width=\"300\" height=\"225\" srcset=\"https:\/\/www.forum-soegel.de\/information\/wp-content\/uploads\/2016\/06\/Mit-den-Kleinsten-Gott-entdecken\u2026-300x225.jpg 300w, https:\/\/www.forum-soegel.de\/information\/wp-content\/uploads\/2016\/06\/Mit-den-Kleinsten-Gott-entdecken\u2026.jpg 1024w\" sizes=\"auto, (max-width: 300px) 100vw, 300px\" \/><\/a><p id=\"caption-attachment-18967\" class=\"wp-caption-text\">Das Foto zeigt die Erzieherinnen der Samtgemeinde-Krippen mit der Referentin Frau B\u00e4rbel Grote.<\/p><\/div>\n","protected":false},"excerpt":{"rendered":"S\u00f6gel &#8211; Zu diesem Thema kamen viele Erzieherinnen der verschiedenen Krippengruppen der Samtgemeinde S\u00f6gel im Gemeindezentrum in S\u00f6gel zusammen. Gemeinsam mit der Referentin B\u00e4rbel Grote (Kindertagesst\u00e4tten- pastoral des Bistums Osnabr\u00fcck) wurde \u00fcberlegt und erarbeitet, wie die religi\u00f6sen Aspekte auch in den Krippengruppen zum Tragen kommen k\u00f6nnen. Festgestellt wurde, dass schon die Basis, das eigene Erleben [&hellip;]\n","protected":false},"author":2,"featured_media":0,"comment_status":"closed","ping_status":"closed","sticky":false,"template":"","format":"standard","meta":{"ngg_post_thumbnail":0,"footnotes":""},"categories":[868],"tags":[],"class_list":["post-18966","post","type-post","status-publish","format-standard","hentry","category-zwischen-himmel-und-erde"],"_links":{"self":[{"href":"https:\/\/www.forum-soegel.de\/information\/wp-json\/wp\/v2\/posts\/18966","targetHints":{"allow":["GET"]}}],"collection":[{"href":"https:\/\/www.forum-soegel.de\/information\/wp-json\/wp\/v2\/posts"}],"about":[{"href":"https:\/\/www.forum-soegel.de\/information\/wp-json\/wp\/v2\/types\/post"}],"author":[{"embeddable":true,"href":"https:\/\/www.forum-soegel.de\/information\/wp-json\/wp\/v2\/users\/2"}],"replies":[{"embeddable":true,"href":"https:\/\/www.forum-soegel.de\/information\/wp-json\/wp\/v2\/comments?post=18966"}],"version-history":[{"count":1,"href":"https:\/\/www.forum-soegel.de\/information\/wp-json\/wp\/v2\/posts\/18966\/revisions"}],"predecessor-version":[{"id":18968,"href":"https:\/\/www.forum-soegel.de\/information\/wp-json\/wp\/v2\/posts\/18966\/revisions\/18968"}],"wp:attachment":[{"href":"https:\/\/www.forum-soegel.de\/information\/wp-json\/wp\/v2\/media?parent=18966"}],"wp:term":[{"taxonomy":"category","embeddable":true,"href":"https:\/\/www.forum-soegel.de\/information\/wp-json\/wp\/v2\/categories?post=18966"},{"taxonomy":"post_tag","embeddable":true,"href":"https:\/\/www.forum-soegel.de\/information\/wp-json\/wp\/v2\/tags?post=18966"}],"curies":[{"name":"wp","href":"https:\/\/api.w.org\/{rel}","templated":true}]}}