{"id":18963,"date":"2016-06-06T19:53:46","date_gmt":"2016-06-06T17:53:46","guid":{"rendered":"https:\/\/www.forum-soegel.de\/information\/?p=18963"},"modified":"2016-06-06T19:53:46","modified_gmt":"2016-06-06T17:53:46","slug":"innenraum-der-kirche-in-stavern-umgestaltet","status":"publish","type":"post","link":"https:\/\/www.forum-soegel.de\/information\/2016\/06\/innenraum-der-kirche-in-stavern-umgestaltet\/","title":{"rendered":"Innenraum der Kirche in Stavern umgestaltet"},"content":{"rendered":"<p>Stavern &#8211; Unmittelbar hinter dem Eingangsbereich der St. Michael Kirche in Stavern wurde ein Bereich zum Gedenken an die verstorbenen Gemeindemitglieder geschaffen. Hier wurden zwei Bildtafeln mit den Fotos der jungen M\u00e4nner, die in den beiden letzten Weltkriegen gefallen waren, angebracht. Die Gedenktafeln hatten lange Zeit, bis zur Schlie\u00dfung im Jahre 1970,\u00a0 in der Eingangshalle der Grundschule in Klein Stavern ihren Platz.<\/p>\n<p>Jetzt wurden sie mit neuen Rahmen versehen und der \u00d6ffentlichkeit wieder zug\u00e4nglich gemacht. Die eine Gedenktafel ist fast 100 Jahre alt und zeigt die Gefallenen des 1. Weltkrieges aus der damaligen Gemeinde Klein Stavern. Auf der zweiten Tafel sind alle Gefallenen des 2. Weltkrieges und auch die Fotos der Kriegsteilnehmer, ebenfalls aus Klein Stavern, zusammengefasst. Leider gibt es aus dem Ortsteil Gro\u00df Stavern derartige Bildtafeln nicht mehr.<\/p>\n<p>Au\u00dferdem wurde an gleicher Stelle ein Album mit den Totenbildchen der in den letzten Jahren verstorbenen Gemeindemitglieder aufgebaut. Gerd Rode hatte dieses Album erstellt und mit j\u00e4hrlichen \u00dcbersichten versehen. Es wird von ihm weitergef\u00fchrt und ist somit auf einem aktuellen Stand gehalten.<\/p>\n<p>Passend dazu wurde der Opferkerzenst\u00e4nder ebenfalls dort aufgebaut.<\/p>\n<p>Pastor Horstmann stellte der Gemeinde die Ver\u00e4nderungen beim Familiengottesdienst am Wochenende vor Pfingsten vor und bedankte sich bei Gerd Rode und Bernd Efken, der die Rahmen und den Tisch f\u00fcr das Traueralbum der Gemeinde gebaut hatte.<\/p>\n<p>Text\/Foto: Gerd Rode<\/p>\n<div id=\"attachment_18964\" style=\"width: 310px\" class=\"wp-caption alignnone\"><a href=\"https:\/\/www.forum-soegel.de\/information\/wp-content\/uploads\/2016\/06\/Innenraum-der-Kirche-in-Stavern-umgestaltet.jpg\"><img loading=\"lazy\" decoding=\"async\" aria-describedby=\"caption-attachment-18964\" class=\"size-medium wp-image-18964\" title=\"Innenraum der Kirche in Stavern umgestaltet\" src=\"https:\/\/www.forum-soegel.de\/information\/wp-content\/uploads\/2016\/06\/Innenraum-der-Kirche-in-Stavern-umgestaltet-300x200.jpg\" alt=\"\" width=\"300\" height=\"200\" srcset=\"https:\/\/www.forum-soegel.de\/information\/wp-content\/uploads\/2016\/06\/Innenraum-der-Kirche-in-Stavern-umgestaltet-300x200.jpg 300w, https:\/\/www.forum-soegel.de\/information\/wp-content\/uploads\/2016\/06\/Innenraum-der-Kirche-in-Stavern-umgestaltet.jpg 1024w\" sizes=\"auto, (max-width: 300px) 100vw, 300px\" \/><\/a><p id=\"caption-attachment-18964\" class=\"wp-caption-text\">Der neu geschaffene Bereich in der St. Michael Kirche in Stavern<\/p><\/div>\n","protected":false},"excerpt":{"rendered":"Stavern &#8211; Unmittelbar hinter dem Eingangsbereich der St. Michael Kirche in Stavern wurde ein Bereich zum Gedenken an die verstorbenen Gemeindemitglieder geschaffen. Hier wurden zwei Bildtafeln mit den Fotos der jungen M\u00e4nner, die in den beiden letzten Weltkriegen gefallen waren, angebracht. Die Gedenktafeln hatten lange Zeit, bis zur Schlie\u00dfung im Jahre 1970,\u00a0 in der Eingangshalle [&hellip;]\n","protected":false},"author":2,"featured_media":0,"comment_status":"closed","ping_status":"closed","sticky":false,"template":"","format":"standard","meta":{"ngg_post_thumbnail":0,"footnotes":""},"categories":[868],"tags":[],"class_list":["post-18963","post","type-post","status-publish","format-standard","hentry","category-zwischen-himmel-und-erde"],"_links":{"self":[{"href":"https:\/\/www.forum-soegel.de\/information\/wp-json\/wp\/v2\/posts\/18963","targetHints":{"allow":["GET"]}}],"collection":[{"href":"https:\/\/www.forum-soegel.de\/information\/wp-json\/wp\/v2\/posts"}],"about":[{"href":"https:\/\/www.forum-soegel.de\/information\/wp-json\/wp\/v2\/types\/post"}],"author":[{"embeddable":true,"href":"https:\/\/www.forum-soegel.de\/information\/wp-json\/wp\/v2\/users\/2"}],"replies":[{"embeddable":true,"href":"https:\/\/www.forum-soegel.de\/information\/wp-json\/wp\/v2\/comments?post=18963"}],"version-history":[{"count":1,"href":"https:\/\/www.forum-soegel.de\/information\/wp-json\/wp\/v2\/posts\/18963\/revisions"}],"predecessor-version":[{"id":18965,"href":"https:\/\/www.forum-soegel.de\/information\/wp-json\/wp\/v2\/posts\/18963\/revisions\/18965"}],"wp:attachment":[{"href":"https:\/\/www.forum-soegel.de\/information\/wp-json\/wp\/v2\/media?parent=18963"}],"wp:term":[{"taxonomy":"category","embeddable":true,"href":"https:\/\/www.forum-soegel.de\/information\/wp-json\/wp\/v2\/categories?post=18963"},{"taxonomy":"post_tag","embeddable":true,"href":"https:\/\/www.forum-soegel.de\/information\/wp-json\/wp\/v2\/tags?post=18963"}],"curies":[{"name":"wp","href":"https:\/\/api.w.org\/{rel}","templated":true}]}}