{"id":18961,"date":"2016-06-06T19:52:38","date_gmt":"2016-06-06T17:52:38","guid":{"rendered":"https:\/\/www.forum-soegel.de\/information\/?p=18961"},"modified":"2016-06-06T19:52:38","modified_gmt":"2016-06-06T17:52:38","slug":"freizeit-erleben","status":"publish","type":"post","link":"https:\/\/www.forum-soegel.de\/information\/2016\/06\/freizeit-erleben\/","title":{"rendered":"Freizeit erleben"},"content":{"rendered":"<p>S\u00f6gel &#8211; Die Katholische Kirchengemeinde bietet in den Sommerferien wieder verschiedene Freizeiten f\u00fcr Kinder und Jugendliche an. Vom 1. bis 11. Juli startet die \u201eAmelandfreizeit\u201c und vom 23. bis 30. Juli 2016 findet das diesj\u00e4hrige Zeltlager in Holdorf statt. Informationen und Anmeldeflyer liegen im Gemeindezentrum, in der Kirche und im Pfarrb\u00fcro aus. Wir freuen uns auf die gemeinsame Zeit mit euch! Weitere Informationen geben Roswitha H\u00f6lscher und Kaplan Marco Risse.<\/p>\n<p>Text: Marco Risse<\/p>\n<p>&nbsp;<\/p>\n","protected":false},"excerpt":{"rendered":"S\u00f6gel &#8211; Die Katholische Kirchengemeinde bietet in den Sommerferien wieder verschiedene Freizeiten f\u00fcr Kinder und Jugendliche an. Vom 1. bis 11. Juli startet die \u201eAmelandfreizeit\u201c und vom 23. bis 30. Juli 2016 findet das diesj\u00e4hrige Zeltlager in Holdorf statt. Informationen und Anmeldeflyer liegen im Gemeindezentrum, in der Kirche und im Pfarrb\u00fcro aus. Wir freuen uns [&hellip;]\n","protected":false},"author":2,"featured_media":0,"comment_status":"closed","ping_status":"closed","sticky":false,"template":"","format":"standard","meta":{"ngg_post_thumbnail":0,"footnotes":""},"categories":[868],"tags":[],"class_list":["post-18961","post","type-post","status-publish","format-standard","hentry","category-zwischen-himmel-und-erde"],"_links":{"self":[{"href":"https:\/\/www.forum-soegel.de\/information\/wp-json\/wp\/v2\/posts\/18961","targetHints":{"allow":["GET"]}}],"collection":[{"href":"https:\/\/www.forum-soegel.de\/information\/wp-json\/wp\/v2\/posts"}],"about":[{"href":"https:\/\/www.forum-soegel.de\/information\/wp-json\/wp\/v2\/types\/post"}],"author":[{"embeddable":true,"href":"https:\/\/www.forum-soegel.de\/information\/wp-json\/wp\/v2\/users\/2"}],"replies":[{"embeddable":true,"href":"https:\/\/www.forum-soegel.de\/information\/wp-json\/wp\/v2\/comments?post=18961"}],"version-history":[{"count":1,"href":"https:\/\/www.forum-soegel.de\/information\/wp-json\/wp\/v2\/posts\/18961\/revisions"}],"predecessor-version":[{"id":18962,"href":"https:\/\/www.forum-soegel.de\/information\/wp-json\/wp\/v2\/posts\/18961\/revisions\/18962"}],"wp:attachment":[{"href":"https:\/\/www.forum-soegel.de\/information\/wp-json\/wp\/v2\/media?parent=18961"}],"wp:term":[{"taxonomy":"category","embeddable":true,"href":"https:\/\/www.forum-soegel.de\/information\/wp-json\/wp\/v2\/categories?post=18961"},{"taxonomy":"post_tag","embeddable":true,"href":"https:\/\/www.forum-soegel.de\/information\/wp-json\/wp\/v2\/tags?post=18961"}],"curies":[{"name":"wp","href":"https:\/\/api.w.org\/{rel}","templated":true}]}}