{"id":18955,"date":"2016-06-06T19:51:55","date_gmt":"2016-06-06T17:51:55","guid":{"rendered":"https:\/\/www.forum-soegel.de\/information\/?p=18955"},"modified":"2016-06-06T19:51:55","modified_gmt":"2016-06-06T17:51:55","slug":"forderverein-und-eltern-gestalten-spielplatz-der-kita-st-johannes-d-t","status":"publish","type":"post","link":"https:\/\/www.forum-soegel.de\/information\/2016\/06\/forderverein-und-eltern-gestalten-spielplatz-der-kita-st-johannes-d-t\/","title":{"rendered":"F\u00f6rderverein und Eltern gestalten Spielplatz der KiTa St. Johannes d.T."},"content":{"rendered":"<p align=\"left\">Spahnharrenst\u00e4tte &#8211; Lange hatten sich die Kinder aus dem Kindergarten Spahnharrenst\u00e4tte eine \u201e Ralley-Bahn\u201c f\u00fcr ihren Spielplatz gew\u00fcnscht.<\/p>\n<p align=\"left\">Nun ging dieser Wunsch in Erf\u00fcllung.<\/p>\n<p align=\"left\">So nahm der F\u00f6rderverein gemeinsam mit den Eltern der Kita dieses Projekt in Angriff. Eltern und Mitglieder des F\u00f6rdervereins waren beim Arbeitseinsatz\u00a0 so motiviert, dass sie gleich eine ganze Spielplatzgestaltung umsetzten. So wurde neben der Fahrstrecke auch noch eine Terrasse gepflastert, Blumenbeete angelegt und eine wundersch\u00f6ne, naturnahe Treppe in die Spielplatzlandschaft eingebaut. F\u00fcr das leibliche Wohl sorgten die Mitarbeiterinnen der Kita.<\/p>\n<p align=\"left\">Nach getaner Arbeit\u00a0 stand f\u00fcr alle Beteiligten fest:<\/p>\n<p align=\"left\">\u201eWir sind zu jeder Zeit gerne wieder bereit, euch bei einer Projektumsetzung zu unterst\u00fctzen! Es hat uns allen viel Spa\u00df gemacht\u2026.\u201c<\/p>\n<p align=\"left\">Die Kinder und Mitarbeiter aus der KiTa St. Johannes d.T. sind begeistert\u00a0 von ihrem neuen Spielplatz und m\u00f6chten sich auf diesem Wege bei allen Helfern\u00a0 ganz herzlich bedanken!<\/p>\n<p align=\"left\">\n<p align=\"left\">Text\/Foto: Team Kindergarten, SPH-V<\/p>\n<p align=\"left\"><a href=\"https:\/\/www.forum-soegel.de\/information\/wp-content\/uploads\/2016\/06\/F\u00f6rderverein-und-Eltern-gestalten-Spielplatz-der-KiTa-St.-Johannes-d.T.1.jpg\"><img loading=\"lazy\" decoding=\"async\" class=\"alignnone size-thumbnail wp-image-18956\" title=\"F\u00f6rderverein und Eltern gestalten Spielplatz der KiTa St. Johannes d.T.1\" src=\"https:\/\/www.forum-soegel.de\/information\/wp-content\/uploads\/2016\/06\/F\u00f6rderverein-und-Eltern-gestalten-Spielplatz-der-KiTa-St.-Johannes-d.T.1-150x150.jpg\" alt=\"\" width=\"150\" height=\"150\" \/><\/a>\u00a0\u00a0<a href=\"https:\/\/www.forum-soegel.de\/information\/wp-content\/uploads\/2016\/06\/F\u00f6rderverein-und-Eltern-gestalten-Spielplatz-der-KiTa-St.-Johannes-d.T.2.jpg\"><img loading=\"lazy\" decoding=\"async\" class=\"alignnone size-thumbnail wp-image-18957\" title=\"F\u00f6rderverein und Eltern gestalten Spielplatz der KiTa St. Johannes d.T.2\" src=\"https:\/\/www.forum-soegel.de\/information\/wp-content\/uploads\/2016\/06\/F\u00f6rderverein-und-Eltern-gestalten-Spielplatz-der-KiTa-St.-Johannes-d.T.2-150x150.jpg\" alt=\"\" width=\"150\" height=\"150\" \/><\/a><\/p>\n<p align=\"left\"><a href=\"https:\/\/www.forum-soegel.de\/information\/wp-content\/uploads\/2016\/06\/F\u00f6rderverein-und-Eltern-gestalten-Spielplatz-der-KiTa-St.-Johannes-d.T.3.jpg\"><img loading=\"lazy\" decoding=\"async\" class=\"alignnone size-thumbnail wp-image-18958\" title=\"F\u00f6rderverein und Eltern gestalten Spielplatz der KiTa St. Johannes d.T.3\" src=\"https:\/\/www.forum-soegel.de\/information\/wp-content\/uploads\/2016\/06\/F\u00f6rderverein-und-Eltern-gestalten-Spielplatz-der-KiTa-St.-Johannes-d.T.3-150x150.jpg\" alt=\"\" width=\"150\" height=\"150\" \/><\/a>\u00a0\u00a0<a href=\"https:\/\/www.forum-soegel.de\/information\/wp-content\/uploads\/2016\/06\/F\u00f6rderverein-und-Eltern-gestalten-Spielplatz-der-KiTa-St.-Johannes-d.T.4.jpg\"><img loading=\"lazy\" decoding=\"async\" class=\"alignnone size-thumbnail wp-image-18959\" title=\"F\u00f6rderverein und Eltern gestalten Spielplatz der KiTa St. Johannes d.T.4\" src=\"https:\/\/www.forum-soegel.de\/information\/wp-content\/uploads\/2016\/06\/F\u00f6rderverein-und-Eltern-gestalten-Spielplatz-der-KiTa-St.-Johannes-d.T.4-150x150.jpg\" alt=\"\" width=\"150\" height=\"150\" \/><\/a><\/p>\n","protected":false},"excerpt":{"rendered":"Spahnharrenst\u00e4tte &#8211; Lange hatten sich die Kinder aus dem Kindergarten Spahnharrenst\u00e4tte eine \u201e Ralley-Bahn\u201c f\u00fcr ihren Spielplatz gew\u00fcnscht. Nun ging dieser Wunsch in Erf\u00fcllung. So nahm der F\u00f6rderverein gemeinsam mit den Eltern der Kita dieses Projekt in Angriff. Eltern und Mitglieder des F\u00f6rdervereins waren beim Arbeitseinsatz\u00a0 so motiviert, dass sie gleich eine ganze Spielplatzgestaltung umsetzten. [&hellip;]\n","protected":false},"author":2,"featured_media":0,"comment_status":"closed","ping_status":"closed","sticky":false,"template":"","format":"standard","meta":{"ngg_post_thumbnail":0,"footnotes":""},"categories":[868],"tags":[],"class_list":["post-18955","post","type-post","status-publish","format-standard","hentry","category-zwischen-himmel-und-erde"],"_links":{"self":[{"href":"https:\/\/www.forum-soegel.de\/information\/wp-json\/wp\/v2\/posts\/18955","targetHints":{"allow":["GET"]}}],"collection":[{"href":"https:\/\/www.forum-soegel.de\/information\/wp-json\/wp\/v2\/posts"}],"about":[{"href":"https:\/\/www.forum-soegel.de\/information\/wp-json\/wp\/v2\/types\/post"}],"author":[{"embeddable":true,"href":"https:\/\/www.forum-soegel.de\/information\/wp-json\/wp\/v2\/users\/2"}],"replies":[{"embeddable":true,"href":"https:\/\/www.forum-soegel.de\/information\/wp-json\/wp\/v2\/comments?post=18955"}],"version-history":[{"count":1,"href":"https:\/\/www.forum-soegel.de\/information\/wp-json\/wp\/v2\/posts\/18955\/revisions"}],"predecessor-version":[{"id":18960,"href":"https:\/\/www.forum-soegel.de\/information\/wp-json\/wp\/v2\/posts\/18955\/revisions\/18960"}],"wp:attachment":[{"href":"https:\/\/www.forum-soegel.de\/information\/wp-json\/wp\/v2\/media?parent=18955"}],"wp:term":[{"taxonomy":"category","embeddable":true,"href":"https:\/\/www.forum-soegel.de\/information\/wp-json\/wp\/v2\/categories?post=18955"},{"taxonomy":"post_tag","embeddable":true,"href":"https:\/\/www.forum-soegel.de\/information\/wp-json\/wp\/v2\/tags?post=18955"}],"curies":[{"name":"wp","href":"https:\/\/api.w.org\/{rel}","templated":true}]}}