{"id":18952,"date":"2016-06-06T19:32:39","date_gmt":"2016-06-06T17:32:39","guid":{"rendered":"https:\/\/www.forum-soegel.de\/information\/?p=18952"},"modified":"2016-06-06T19:32:39","modified_gmt":"2016-06-06T17:32:39","slug":"zwei-weitere-deutschkurse-fur-fluchtlinge-in-sogel-und-borger","status":"publish","type":"post","link":"https:\/\/www.forum-soegel.de\/information\/2016\/06\/zwei-weitere-deutschkurse-fur-fluchtlinge-in-sogel-und-borger\/","title":{"rendered":"Zwei weitere Deutschkurse f\u00fcr Fl\u00fcchtlinge in S\u00f6gel und B\u00f6rger"},"content":{"rendered":"<p align=\"center\">Sprachkurse schnell ausgebucht \u2013 Erwachsenenbildungseinrichtungen aktiv<\/p>\n<p>&nbsp;<\/p>\n<p>S\u00f6gel &#8211; Die Katholische Erwachsenenbildung S\u00f6gel (KEB) und die Volkshochschule Papenburg (VHS) bieten in S\u00f6gel und in B\u00f6rger zwei neue Deutschkurse f\u00fcr Fl\u00fcchtlinge an.<\/p>\n<p>Johannes Brachem, Fl\u00fcchtlingsbeauftragter der Samtgemeinde S\u00f6gel, dankte beiden Erwachsenenbildungseinrichtungen f\u00fcr dieses neue Angebot. \u201eHier wurden mit viel Engagement weitere Kurse auf den Weg gebracht, die Teilnehmern die ersten Schritte beim Erlernen der deutschen Sprache und so ein st\u00fcckweit Integration erm\u00f6glichen.\u201c<\/p>\n<p>In S\u00f6gel werden in 200 Unterrichtsstunden 20 \u00fcberwiegend afghanische Fl\u00fcchtlinge von Roxane Jansen und Hoda Amer in der deutschen Sprache geschult. So haben die Fl\u00fcchtlinge Gelegenheit, die Zeit bis zum Abschluss des Asylverfahrens mit der Teilnahme am Sprachunterricht sinnvoll zu nutzen. \u201eDer Kurs war sofort ausgebucht, es wird bereits eine Warteliste gef\u00fchrt\u201c, berichtet Silvia Wagner von der KEB S\u00f6gel \u00fcber das gro\u00dfe Interesse. Aufgrund eines r\u00e4umlichen Engpasses nahm die KEB das Angebot der evangelisch-lutherischen Kirchengemeinde an, zun\u00e4chst die R\u00e4umlichkeiten im Katharina-von-Bora Haus zu nutzen.<\/p>\n<p>Ein weiterer Deutschkurs startete in B\u00f6rger in Zusammenarbeit mit der VHS Papenburg. 25 Bewohnern des Jugendg\u00e4stehauses wird ein fachkundiger Unterricht mit Unterst\u00fctzung des Landkreises Emsland angeboten, der 100 Unterrichtsstunden umfasst. Der Kurs schlie\u00dft an die ehrenamtliche Arbeit des B\u00f6rgeraner Integrationsteams um Hermann Schmitz an, das bereits seit Januar unter Leitung von Barbara Harden mit gro\u00dfem Einsatz Deutschunterricht in der Gro\u00dfunterkunft angeboten hatte.<\/p>\n<p>Bildunterschrift: In der Samtgemeinde S\u00f6gel wird der Sprachunterricht f\u00fcr Fl\u00fcchtlinge ausgebaut. Zwanzig Fl\u00fcchtlinge erhalten seit kurzem Deutschunterricht im Katharina-von-Bora-Haus in S\u00f6gel.<\/p>\n<p>Text\/ Foto: Samtgemeinde S\u00f6gel<\/p>\n<p><a href=\"https:\/\/www.forum-soegel.de\/information\/wp-content\/uploads\/2016\/06\/Zwei-weitere-Deutschkurse-f\u00fcr-Fl\u00fcchtlinge-in-S\u00f6gel-und-B\u00f6rger.jpg\"><img loading=\"lazy\" decoding=\"async\" class=\"alignnone size-medium wp-image-18953\" title=\"Zwei weitere Deutschkurse f\u00fcr Fl\u00fcchtlinge in S\u00f6gel und B\u00f6rger\" src=\"https:\/\/www.forum-soegel.de\/information\/wp-content\/uploads\/2016\/06\/Zwei-weitere-Deutschkurse-f\u00fcr-Fl\u00fcchtlinge-in-S\u00f6gel-und-B\u00f6rger-300x183.jpg\" alt=\"\" width=\"300\" height=\"183\" srcset=\"https:\/\/www.forum-soegel.de\/information\/wp-content\/uploads\/2016\/06\/Zwei-weitere-Deutschkurse-f\u00fcr-Fl\u00fcchtlinge-in-S\u00f6gel-und-B\u00f6rger-300x183.jpg 300w, https:\/\/www.forum-soegel.de\/information\/wp-content\/uploads\/2016\/06\/Zwei-weitere-Deutschkurse-f\u00fcr-Fl\u00fcchtlinge-in-S\u00f6gel-und-B\u00f6rger.jpg 1024w\" sizes=\"auto, (max-width: 300px) 100vw, 300px\" \/><\/a><\/p>\n<p>&nbsp;<\/p>\n","protected":false},"excerpt":{"rendered":"Sprachkurse schnell ausgebucht \u2013 Erwachsenenbildungseinrichtungen aktiv &nbsp; S\u00f6gel &#8211; Die Katholische Erwachsenenbildung S\u00f6gel (KEB) und die Volkshochschule Papenburg (VHS) bieten in S\u00f6gel und in B\u00f6rger zwei neue Deutschkurse f\u00fcr Fl\u00fcchtlinge an. Johannes Brachem, Fl\u00fcchtlingsbeauftragter der Samtgemeinde S\u00f6gel, dankte beiden Erwachsenenbildungseinrichtungen f\u00fcr dieses neue Angebot. \u201eHier wurden mit viel Engagement weitere Kurse auf den Weg gebracht, [&hellip;]\n","protected":false},"author":2,"featured_media":0,"comment_status":"closed","ping_status":"closed","sticky":false,"template":"","format":"standard","meta":{"ngg_post_thumbnail":0,"footnotes":""},"categories":[3],"tags":[],"class_list":["post-18952","post","type-post","status-publish","format-standard","hentry","category-aktuelles-aus-der-region"],"_links":{"self":[{"href":"https:\/\/www.forum-soegel.de\/information\/wp-json\/wp\/v2\/posts\/18952","targetHints":{"allow":["GET"]}}],"collection":[{"href":"https:\/\/www.forum-soegel.de\/information\/wp-json\/wp\/v2\/posts"}],"about":[{"href":"https:\/\/www.forum-soegel.de\/information\/wp-json\/wp\/v2\/types\/post"}],"author":[{"embeddable":true,"href":"https:\/\/www.forum-soegel.de\/information\/wp-json\/wp\/v2\/users\/2"}],"replies":[{"embeddable":true,"href":"https:\/\/www.forum-soegel.de\/information\/wp-json\/wp\/v2\/comments?post=18952"}],"version-history":[{"count":1,"href":"https:\/\/www.forum-soegel.de\/information\/wp-json\/wp\/v2\/posts\/18952\/revisions"}],"predecessor-version":[{"id":18954,"href":"https:\/\/www.forum-soegel.de\/information\/wp-json\/wp\/v2\/posts\/18952\/revisions\/18954"}],"wp:attachment":[{"href":"https:\/\/www.forum-soegel.de\/information\/wp-json\/wp\/v2\/media?parent=18952"}],"wp:term":[{"taxonomy":"category","embeddable":true,"href":"https:\/\/www.forum-soegel.de\/information\/wp-json\/wp\/v2\/categories?post=18952"},{"taxonomy":"post_tag","embeddable":true,"href":"https:\/\/www.forum-soegel.de\/information\/wp-json\/wp\/v2\/tags?post=18952"}],"curies":[{"name":"wp","href":"https:\/\/api.w.org\/{rel}","templated":true}]}}