{"id":18949,"date":"2016-06-06T19:31:31","date_gmt":"2016-06-06T17:31:31","guid":{"rendered":"https:\/\/www.forum-soegel.de\/information\/?p=18949"},"modified":"2016-06-06T19:31:31","modified_gmt":"2016-06-06T17:31:31","slug":"willkommenscafe-im-marstall-clemenswerth","status":"publish","type":"post","link":"https:\/\/www.forum-soegel.de\/information\/2016\/06\/willkommenscafe-im-marstall-clemenswerth\/","title":{"rendered":"Willkommenscaf\u00e9 im Marstall Clemenswerth"},"content":{"rendered":"<p>S\u00f6gel &#8211; Der Marstall Clemenswerth bietet zweiw\u00f6chentlich ein gemeinsames Treffen f\u00fcr Fl\u00fcchtlinge und Einheimische an. Dabei st\u00f6\u00dft er auf gro\u00dfe Resonanz bei beiden Gruppen. Entstanden ist die Idee bereits im Herbst vergangenen Jahres. Kurz nach dem Einzug vieler Fl\u00fcchtlinge in die Gro\u00dfraumturnhalle in S\u00f6gel richtete der Marstall Clemenswerth ein Willkommens-Caf\u00e9 f\u00fcr diese Menschen ein. W\u00f6chentlich wurden die Fl\u00fcchtlingsfamilien zu Kaffee und Tee in den Marstall eingeladen. S\u00f6geler B\u00fcrgerinnen und B\u00fcrger kamen hinzu und es wurden erste Kontakte gekn\u00fcpft.<\/p>\n<p>Mit dem Umzug der Fl\u00fcchtlinge nach Aschendorf Mitte Januar dieses Jahres wurde das Willkommenscaf\u00e9 jedoch nicht geschlossen. Gemeinsam mit dem Fl\u00fcchtlingsbeauftragten Johannes Brachem beschloss der Marstall Clemenswerth, das Willkommenscaf\u00e9 unter Leitung von Maria Schmees f\u00fcr alle Fl\u00fcchtlinge der Samtgemeinde S\u00f6gel fortzusetzen. Dabei kann nicht nur Kaffee und Tee getrunken, sondern auch gemeinsam Tischtennis, Tischfu\u00dfball und Billard gespielt werden. Das n\u00e4chste Treffen findet am Dienstag, 10.05.2016 von 15.30 bis ca. 18.00 Uhr statt. Es sind alle Interessierten dazu eingeladen, in ungezwungener Atmosph\u00e4re\u00a0 die Menschen kennenzulernen, die bei uns Schutz suchen.<\/p>\n<p>Text\/Foto: Ingrid Cloppenburg<\/p>\n<p><a href=\"https:\/\/www.forum-soegel.de\/information\/wp-content\/uploads\/2016\/06\/Willkommenscaf\u00e9-im-Marstall-Clemenswerth.jpg\"><img loading=\"lazy\" decoding=\"async\" class=\"alignnone size-medium wp-image-18950\" title=\"Willkommenscaf\u00e9 im Marstall Clemenswerth\" src=\"https:\/\/www.forum-soegel.de\/information\/wp-content\/uploads\/2016\/06\/Willkommenscaf\u00e9-im-Marstall-Clemenswerth-300x149.jpg\" alt=\"\" width=\"300\" height=\"149\" srcset=\"https:\/\/www.forum-soegel.de\/information\/wp-content\/uploads\/2016\/06\/Willkommenscaf\u00e9-im-Marstall-Clemenswerth-300x149.jpg 300w, https:\/\/www.forum-soegel.de\/information\/wp-content\/uploads\/2016\/06\/Willkommenscaf\u00e9-im-Marstall-Clemenswerth.jpg 1024w\" sizes=\"auto, (max-width: 300px) 100vw, 300px\" \/><\/a><\/p>\n","protected":false},"excerpt":{"rendered":"S\u00f6gel &#8211; Der Marstall Clemenswerth bietet zweiw\u00f6chentlich ein gemeinsames Treffen f\u00fcr Fl\u00fcchtlinge und Einheimische an. Dabei st\u00f6\u00dft er auf gro\u00dfe Resonanz bei beiden Gruppen. Entstanden ist die Idee bereits im Herbst vergangenen Jahres. Kurz nach dem Einzug vieler Fl\u00fcchtlinge in die Gro\u00dfraumturnhalle in S\u00f6gel richtete der Marstall Clemenswerth ein Willkommens-Caf\u00e9 f\u00fcr diese Menschen ein. W\u00f6chentlich [&hellip;]\n","protected":false},"author":2,"featured_media":0,"comment_status":"closed","ping_status":"closed","sticky":false,"template":"","format":"standard","meta":{"ngg_post_thumbnail":0,"footnotes":""},"categories":[3],"tags":[],"class_list":["post-18949","post","type-post","status-publish","format-standard","hentry","category-aktuelles-aus-der-region"],"_links":{"self":[{"href":"https:\/\/www.forum-soegel.de\/information\/wp-json\/wp\/v2\/posts\/18949","targetHints":{"allow":["GET"]}}],"collection":[{"href":"https:\/\/www.forum-soegel.de\/information\/wp-json\/wp\/v2\/posts"}],"about":[{"href":"https:\/\/www.forum-soegel.de\/information\/wp-json\/wp\/v2\/types\/post"}],"author":[{"embeddable":true,"href":"https:\/\/www.forum-soegel.de\/information\/wp-json\/wp\/v2\/users\/2"}],"replies":[{"embeddable":true,"href":"https:\/\/www.forum-soegel.de\/information\/wp-json\/wp\/v2\/comments?post=18949"}],"version-history":[{"count":1,"href":"https:\/\/www.forum-soegel.de\/information\/wp-json\/wp\/v2\/posts\/18949\/revisions"}],"predecessor-version":[{"id":18951,"href":"https:\/\/www.forum-soegel.de\/information\/wp-json\/wp\/v2\/posts\/18949\/revisions\/18951"}],"wp:attachment":[{"href":"https:\/\/www.forum-soegel.de\/information\/wp-json\/wp\/v2\/media?parent=18949"}],"wp:term":[{"taxonomy":"category","embeddable":true,"href":"https:\/\/www.forum-soegel.de\/information\/wp-json\/wp\/v2\/categories?post=18949"},{"taxonomy":"post_tag","embeddable":true,"href":"https:\/\/www.forum-soegel.de\/information\/wp-json\/wp\/v2\/tags?post=18949"}],"curies":[{"name":"wp","href":"https:\/\/api.w.org\/{rel}","templated":true}]}}